{"id":479798,"date":"2025-10-21T15:40:13","date_gmt":"2025-10-21T15:40:13","guid":{"rendered":"https:\/\/www.europesays.com\/fr\/479798\/"},"modified":"2025-10-21T15:40:13","modified_gmt":"2025-10-21T15:40:13","slug":"metropole-de-lyon-lepreuve-dinternat-de-medecine-annulee-apres-un-incident-technique-a-la-faculte-lyon-sud","status":"publish","type":"post","link":"https:\/\/www.europesays.com\/fr\/479798\/","title":{"rendered":"M\u00e9tropole de Lyon. L\u2019\u00e9preuve d\u2019internat de m\u00e9decine annul\u00e9e apr\u00e8s un incident technique \u00e0 la facult\u00e9 Lyon Sud"},"content":{"rendered":"<p>Les \u00c9preuves d\u00e9mat\u00e9rialis\u00e9es nationales (EDN), qui marquent le d\u00e9but du parcours vers l\u2019internat pour les \u00e9tudiants en m\u00e9decine, ont connu un lancement chaotique. Lundi apr\u00e8s-midi, les \u00e9tudiants \u00e9taient convoqu\u00e9s, chacun dans leur propre facult\u00e9, pour une \u00e9preuve de trois heures, organis\u00e9e simultan\u00e9ment partout en France, y compris en Outre-mer.<\/p>\n<p>Un premier incident li\u00e9 \u00e0 la restauration compl\u00e8te de l\u2019application EDN a d\u2019abord retard\u00e9 d\u2019une heure le d\u00e9but des \u00e9preuves \u00e0 Lyon et dans le reste de la France. Puis, \u00e0 15 heures, apr\u00e8s le d\u00e9marrage technique, des \u00ab\u00a0d\u00e9connexions it\u00e9ratives\u00a0\u00bb ont frapp\u00e9 les tablettes utilis\u00e9es par les candidats d\u2019un centre en particulier, selon un communiqu\u00e9 officiel du Centre national de gestion (CNG), du jury national et de la Conf\u00e9rence des doyens. \u00ab\u00a0Un des sites localement avait \u00e9t\u00e9 mal param\u00e9tr\u00e9\u00a0\u00bb et \u00ab\u00a0environ 500 \u00e9tudiants \u00e9taient en rade\u00a0\u00bb, pr\u00e9cise le ministre de l\u2019Enseignement Philippe Baptiste.<\/p>\n<p>  La facult\u00e9 de Lyon au centre de la panne<\/p>\n<p>Pourtant, il y a eu \u00ab\u00a0un test de connexion \u00e0 midi. Le centre national de gestion a rep\u00e9r\u00e9 quelques dysfonctionnements, qu\u2019il pensait pouvoir r\u00e9soudre\u00a0\u00bb, explique Marion Da Ros Poli, pr\u00e9sidente de l\u2019Association nationale des \u00e9tudiants de m\u00e9decine en France.<\/p>\n<p>\u00ab\u00a0Malheureusement, dans la facult\u00e9 de Lyon Sud, il y a eu des soucis. Les \u00e9tudiants r\u00e9pondaient \u00e0 deux questions, \u00e9taient d\u00e9connect\u00e9s, se reconnectaient, re r\u00e9pondaient \u00e0 deux questions avant d\u2018\u00eatre d\u00e9connect\u00e9s de nouveau\u00a0\u00bb, ajoute-t-elle.<\/p>\n<p>Malgr\u00e9 plusieurs tentatives de relance technique, le jury a finalement \u00e9t\u00e9 contraint d\u2019annuler purement et simplement l\u2019\u00e9preuve du jour. Comme l\u2018\u00e9preuve est classante au niveau national, \u00ab\u00a0il faut refaire l\u2019\u00e9preuve\u00a0\u00bb par souci d\u2019\u00e9quit\u00e9, indique le ministre de l\u2019Enseignement Philippe Baptiste.<\/p>\n<p>  Le nouvel examen pr\u00e9vu vendredi<\/p>\n<p>Les organisateurs ont annonc\u00e9 que l\u2019\u00e9preuve serait reprogramm\u00e9e ce vendredi 24\u00a0octobre \u00e0 14 heures, avec un sujet de secours. Le CNG pr\u00e9cise que ce report ne perturbera pas le reste du calendrier national, maintenu selon l\u2019arr\u00eat\u00e9 du 25\u00a0juillet 2025.<\/p>\n<p>Contact\u00e9e par Le Progr\u00e8s, la Facult\u00e9 de m\u00e9decine Lyon Sud \u00ab\u00a0tient \u00e0 souligner la mobilisation et la r\u00e9activit\u00e9 des \u00e9quipes techniques et p\u00e9dagogiques impliqu\u00e9es dans la r\u00e9solution de cet incident\u00a0\u00bb. \u00ab\u00a0Elle adresse \u00e9galement tout son soutien \u00e0 l\u2019ensemble des \u00e9tudiants en m\u00e9decine de France concern\u00e9s par le report de cette \u00e9preuve, pleinement consciente de l\u2019investissement, de la charge de travail et de la tension que repr\u00e9sente cette p\u00e9riode d\u2019examens nationaux\u00a0\u00bb, conclut la direction.<\/p>\n","protected":false},"excerpt":{"rendered":"Les \u00c9preuves d\u00e9mat\u00e9rialis\u00e9es nationales (EDN), qui marquent le d\u00e9but du parcours vers l\u2019internat pour les \u00e9tudiants en m\u00e9decine,&hellip;\n","protected":false},"author":2,"featured_media":479799,"comment_status":"","ping_status":"","sticky":false,"template":"","format":"standard","meta":{"footnotes":""},"categories":[1889],"tags":[1111,11,2430,3154,1057,4854,1777,674,107,1011,27,2428,12,15665,15666,25,2429,71],"class_list":{"0":"post-479798","1":"post","2":"type-post","3":"status-publish","4":"format-standard","5":"has-post-thumbnail","7":"category-lyon","8":"tag-actu","9":"tag-actualites","10":"tag-auvergne-rhone-alpes","11":"tag-edition-sud-lyonnais","12":"tag-education","13":"tag-enseignement-superieur","14":"tag-eu","15":"tag-europe","16":"tag-fil-info","17":"tag-fr","18":"tag-france","19":"tag-lyon","20":"tag-news","21":"tag-oullins-pierre-benite","22":"tag-oullins-ville","23":"tag-republique-francaise","24":"tag-rhone","25":"tag-sante"},"share_on_mastodon":{"url":"https:\/\/pubeurope.com\/@fr\/115412914846865885","error":""},"_links":{"self":[{"href":"https:\/\/www.europesays.com\/fr\/wp-json\/wp\/v2\/posts\/479798","targetHints":{"allow":["GET"]}}],"collection":[{"href":"https:\/\/www.europesays.com\/fr\/wp-json\/wp\/v2\/posts"}],"about":[{"href":"https:\/\/www.europesays.com\/fr\/wp-json\/wp\/v2\/types\/post"}],"author":[{"embeddable":true,"href":"https:\/\/www.europesays.com\/fr\/wp-json\/wp\/v2\/users\/2"}],"replies":[{"embeddable":true,"href":"https:\/\/www.europesays.com\/fr\/wp-json\/wp\/v2\/comments?post=479798"}],"version-history":[{"count":0,"href":"https:\/\/www.europesays.com\/fr\/wp-json\/wp\/v2\/posts\/479798\/revisions"}],"wp:featuredmedia":[{"embeddable":true,"href":"https:\/\/www.europesays.com\/fr\/wp-json\/wp\/v2\/media\/479799"}],"wp:attachment":[{"href":"https:\/\/www.europesays.com\/fr\/wp-json\/wp\/v2\/media?parent=479798"}],"wp:term":[{"taxonomy":"category","embeddable":true,"href":"https:\/\/www.europesays.com\/fr\/wp-json\/wp\/v2\/categories?post=479798"},{"taxonomy":"post_tag","embeddable":true,"href":"https:\/\/www.europesays.com\/fr\/wp-json\/wp\/v2\/tags?post=479798"}],"curies":[{"name":"wp","href":"https:\/\/api.w.org\/{rel}","templated":true}]}}