{"id":479806,"date":"2025-10-21T15:45:11","date_gmt":"2025-10-21T15:45:11","guid":{"rendered":"https:\/\/www.europesays.com\/fr\/479806\/"},"modified":"2025-10-21T15:45:11","modified_gmt":"2025-10-21T15:45:11","slug":"direct-cambriolage-au-louvre-la-remuneration-des-braqueurs-nest-sans-doute-pas-liee-a-la-revente-des-joyaux","status":"publish","type":"post","link":"https:\/\/www.europesays.com\/fr\/479806\/","title":{"rendered":"DIRECT. Cambriolage au Louvre\u00a0: \u00ab La r\u00e9mun\u00e9ration des braqueurs n&rsquo;est sans doute pas li\u00e9e \u00e0 la revente des joyaux \u00bb"},"content":{"rendered":"<p>Bonjour Sean, les braqueurs ont en effet laiss\u00e9 beaucoup d&rsquo;objets derri\u00e8re eux, notamment dans le camion nacelle qu&rsquo;ils ne sont pas parvenus \u00e0 incendier gr\u00e2ce \u00e0 l&rsquo;intervention d&rsquo;un gardien du Louvre. <a href=\"https:\/\/www.leparisien.fr\/faits-divers\/cambriolage-au-louvre-les-enqueteurs-ont-recupere-un-casque-de-moto-et-un-gant-20-10-2025-L5IIOS2FIZASBFRUFZNHLDB64M.php\" target=\"_blank\" rel=\"noopener\">Comme le Parisien l&rsquo;a r\u00e9v\u00e9l\u00e9, le casque d&rsquo;un des braqueurs <\/a>a \u00e9t\u00e9 retrouv\u00e9. Les enqu\u00eateurs ont bon espoir d&rsquo;y retrouver de l&rsquo;ADN ainsi que sur un gant abandonn\u00e9. Si les policiers y r\u00e9cup\u00e8rent de l&rsquo;ADN, encore faut-il qu&rsquo;elle \u00ab matche \u00bb, selon l&rsquo;expression polici\u00e8re avec une empreinte de d\u00e9linquant ou de criminel contenue dans le fichier national automatis\u00e9 des empreintes g\u00e9n\u00e9tiques (FNAEG), m\u00eame si on peut imaginer que ces braqueurs sont d\u00e9j\u00e0 connus de la police, pour des d\u00e9lits. Ensuite, tout le travail des enqu\u00eateurs de la Brigade de r\u00e9pression du banditisme (BRB) sera de g\u00e9olocaliser le braqueur identifi\u00e9 gr\u00e2ce \u00e0 son ADN pour essayer de remonter au commando, puis aux bijoux. Cela risque d&rsquo;\u00eatre une enqu\u00eate longue. M\u00eame si cette affaire est devenue tr\u00e8s politique (pol\u00e9mique) et qu&rsquo;il y a une \u00e9norme pression sur la police et la justice, des interpellations pr\u00e9matur\u00e9es an\u00e9antiraient la possibilit\u00e9 de remonter jusqu&rsquo;aux bijoux, priorit\u00e9 des autorit\u00e9s.<\/p>\n","protected":false},"excerpt":{"rendered":"Bonjour Sean, les braqueurs ont en effet laiss\u00e9 beaucoup d&rsquo;objets derri\u00e8re eux, notamment dans le camion nacelle qu&rsquo;ils&hellip;\n","protected":false},"author":2,"featured_media":479807,"comment_status":"","ping_status":"","sticky":false,"template":"","format":"standard","meta":{"footnotes":""},"categories":[1888],"tags":[11,1777,674,1011,27,12,626,25,30484],"class_list":{"0":"post-479806","1":"post","2":"type-post","3":"status-publish","4":"format-standard","5":"has-post-thumbnail","7":"category-paris","8":"tag-actualites","9":"tag-eu","10":"tag-europe","11":"tag-fr","12":"tag-france","13":"tag-news","14":"tag-paris","15":"tag-republique-francaise","16":"tag-tchat"},"share_on_mastodon":{"url":"https:\/\/pubeurope.com\/@fr\/115412934640877679","error":""},"_links":{"self":[{"href":"https:\/\/www.europesays.com\/fr\/wp-json\/wp\/v2\/posts\/479806","targetHints":{"allow":["GET"]}}],"collection":[{"href":"https:\/\/www.europesays.com\/fr\/wp-json\/wp\/v2\/posts"}],"about":[{"href":"https:\/\/www.europesays.com\/fr\/wp-json\/wp\/v2\/types\/post"}],"author":[{"embeddable":true,"href":"https:\/\/www.europesays.com\/fr\/wp-json\/wp\/v2\/users\/2"}],"replies":[{"embeddable":true,"href":"https:\/\/www.europesays.com\/fr\/wp-json\/wp\/v2\/comments?post=479806"}],"version-history":[{"count":0,"href":"https:\/\/www.europesays.com\/fr\/wp-json\/wp\/v2\/posts\/479806\/revisions"}],"wp:featuredmedia":[{"embeddable":true,"href":"https:\/\/www.europesays.com\/fr\/wp-json\/wp\/v2\/media\/479807"}],"wp:attachment":[{"href":"https:\/\/www.europesays.com\/fr\/wp-json\/wp\/v2\/media?parent=479806"}],"wp:term":[{"taxonomy":"category","embeddable":true,"href":"https:\/\/www.europesays.com\/fr\/wp-json\/wp\/v2\/categories?post=479806"},{"taxonomy":"post_tag","embeddable":true,"href":"https:\/\/www.europesays.com\/fr\/wp-json\/wp\/v2\/tags?post=479806"}],"curies":[{"name":"wp","href":"https:\/\/api.w.org\/{rel}","templated":true}]}}