{"id":479808,"date":"2025-10-21T15:46:18","date_gmt":"2025-10-21T15:46:18","guid":{"rendered":"https:\/\/www.europesays.com\/fr\/479808\/"},"modified":"2025-10-21T15:46:18","modified_gmt":"2025-10-21T15:46:18","slug":"vol-dor-au-museum-dhistoire-naturelle-de-paris-ce-que-lon-sait-de-la-suspecte-mise-en-examen-et-ecrouee","status":"publish","type":"post","link":"https:\/\/www.europesays.com\/fr\/479808\/","title":{"rendered":"Vol d\u2019or au Museum d\u2019histoire naturelle de Paris\u00a0: ce que l\u2019on sait de la suspecte mise en examen et \u00e9crou\u00e9e"},"content":{"rendered":"<p>Le <a href=\"https:\/\/www.humanite.fr\/societe\/cour-des-comptes\/un-rapport-de-la-cour-des-comptes-pointe-des-retards-considerables-et-persistants-dans-la-mise-aux-normes-de-la-securite-du-louvre\" target=\"_blank\" rel=\"noopener\">spectaculaire casse du Louvre<\/a> de dimanche dernier n\u2019est pas le premier depuis la rentr\u00e9e. Un mois avant, dans la nuit du 15 au 16\u00a0septembre, des p\u00e9pites d\u2019or \u00e9taient subtilis\u00e9es au <a href=\"https:\/\/www.humanite.fr\/sciences\/antarctique\/dans-les-deserts-brulants-ou-glaces-lexpo-a-ne-pas-rater-durant-les-vacances-a-paris-au-museum-dhistoire-naturelle\" target=\"_blank\" rel=\"noopener\">Museum d\u2019histoire naturelle de Paris<\/a>. La procureure de Paris Laure Beccuau a annonc\u00e9 ce mardi 21\u00a0octobre qu\u2019une Chinoise de 24\u00a0ans a \u00e9t\u00e9 mise en examen et \u00e9crou\u00e9e le 13\u00a0octobre pour \u00ab\u00a0vol en bande organis\u00e9e\u00a0\u00bb et \u00ab\u00a0association de malfaiteurs\u00a0\u00bb.<\/p>\n<p>La suspecte a \u00e9t\u00e9 \u00ab\u00a0remise le jour m\u00eame par les autorit\u00e9s espagnoles, qui l\u2019avaient interpell\u00e9e \u00e0 Barcelone le 30\u00a0septembre en ex\u00e9cution d\u2019un mandat d\u2019arr\u00eat europ\u00e9en\u00a0\u00bb, a pr\u00e9cis\u00e9 la procureure. Au moment de son interpellation, elle aurait tent\u00e9 de se d\u00e9barrasser de morceaux d\u2019or fondu d\u20191\u00a0kg.<\/p>\n<p>1,5\u00a0million de pr\u00e9judice financier<\/p>\n<p>Les faits se sont produits le 16\u00a0septembre au matin. Les cam\u00e9ras de surveillance montrent une personne seule qui entre par effraction peu apr\u00e8s 1 heure du matin et qui en ressort aux alentours de 4\u00a0heures. Alert\u00e9 par une employ\u00e9e de m\u00e9nage de la pr\u00e9sence de d\u00e9bris, un conservateur du Museum s\u2019est par la suite rendu compte la disparition de p\u00e9pites d\u2019or habituellement expos\u00e9es.<\/p>\n<p>Les enqu\u00eateurs de la Brigade de r\u00e9pression du banditisme (BRB) ont constat\u00e9 que deux portes avaient \u00e9t\u00e9 d\u00e9coup\u00e9es \u00e0 la disqueuse. Au sein de la galerie de min\u00e9ralogie, la vitrine abritant les p\u00e9pites avait \u00e9t\u00e9 bris\u00e9e avec un chalumeau, retrouv\u00e9 \u00e0 proximit\u00e9. Avaient aussi \u00e9t\u00e9 d\u00e9couverts sur place une disqueuse, un tournevis et trois bonbonnes de gaz servant \u00e0 alimenter un chalumeau ainsi que des scies.<\/p>\n<p>Les investigations ont d\u00e9montr\u00e9 que la personne vue sur les vid\u00e9os avait quitt\u00e9 la France d\u00e8s le 16\u00a0septembre et s\u2019appr\u00eatait \u00e0 regagner la Chine. Parmi les pi\u00e8ces du mus\u00e9e manquantes \u00ab\u00a0des p\u00e9pites originaires de Bolivie l\u00e9gu\u00e9e \u00e0 l\u2019Acad\u00e9mie des sciences au XVIIIe\u00a0si\u00e8cle\u00a0; de Californie d\u00e9couverte au moment de la ru\u00e9e vers l\u2019or dans la seconde moiti\u00e9 du XIXe\u00a0si\u00e8cle\u00a0\u00bb et \u00ab\u00a0une p\u00e9pite d\u2019or de plus de 5\u00a0kg originaire d\u2019Australie d\u00e9couverte en 1990\u00a0\u00bb, selon Laure Beccuau.<\/p>\n<p>Le poids de ces pi\u00e8ces est estim\u00e9 \u00e0 pr\u00e8s de 6\u00a0kg, avec un pr\u00e9judice financier \u00e9valu\u00e9 \u00e0 1,5\u00a0million d\u2019euros, correspondant \u00e0 la valeur de l\u2019or natif, sup\u00e9rieure \u00e0 l\u2019or m\u00e9tal. \u00c0 ce d\u00e9compte s\u2019ajoutent 50\u00a0000\u00a0euros de pr\u00e9judice li\u00e9 aux d\u00e9g\u00e2ts mat\u00e9riels. L\u2019enqu\u00eate doit d\u00e9sormais d\u00e9finir ce que sont devenus les objets vol\u00e9s et si d\u2019autres personnes ont particip\u00e9 au cambriolage.<\/p>\n<p>Avant de partir, une derni\u00e8re chose\u2026<\/p>\n<p>Contrairement \u00e0 90% des m\u00e9dias fran\u00e7ais aujourd\u2019hui, <strong>l\u2019Humanit\u00e9 ne d\u00e9pend ni de grands groupes ni de milliardaires<\/strong>. Cela signifie que : <\/p>\n<ul class=\"wp-block-list\">\n<li>nous vous apportons des informations impartiales, sans compromis. Mais aussi que <\/li>\n<li>nous n\u2019avons pas les moyens financiers dont b\u00e9n\u00e9ficient les autres m\u00e9dias.<\/li>\n<\/ul>\n<p><strong>L\u2019information ind\u00e9pendante et de qualit\u00e9 a un co\u00fbt<\/strong>. Payez-le.<br \/><a href=\"https:\/\/stage.preprod.humanite.fr\/lhumanite-cest-vous\" data-type=\"link\" data-id=\"https:\/\/stage.preprod.humanite.fr\/lhumanite-cest-vous\" target=\"_blank\" rel=\"noopener\">Je veux en savoir plus<\/a><\/p>\n","protected":false},"excerpt":{"rendered":"Le spectaculaire casse du Louvre de dimanche dernier n\u2019est pas le premier depuis la rentr\u00e9e. Un mois avant,&hellip;\n","protected":false},"author":2,"featured_media":479809,"comment_status":"","ping_status":"","sticky":false,"template":"","format":"standard","meta":{"footnotes":""},"categories":[1888],"tags":[11,18744,11247,1777,674,1011,27,60307,12,626,25],"class_list":{"0":"post-479808","1":"post","2":"type-post","3":"status-publish","4":"format-standard","5":"has-post-thumbnail","7":"category-paris","8":"tag-actualites","9":"tag-criminalitu00e9","10":"tag-enquu00eate","11":"tag-eu","12":"tag-europe","13":"tag-fr","14":"tag-france","15":"tag-musu00e9e","16":"tag-news","17":"tag-paris","18":"tag-republique-francaise"},"share_on_mastodon":{"url":"https:\/\/pubeurope.com\/@fr\/115412938685866045","error":""},"_links":{"self":[{"href":"https:\/\/www.europesays.com\/fr\/wp-json\/wp\/v2\/posts\/479808","targetHints":{"allow":["GET"]}}],"collection":[{"href":"https:\/\/www.europesays.com\/fr\/wp-json\/wp\/v2\/posts"}],"about":[{"href":"https:\/\/www.europesays.com\/fr\/wp-json\/wp\/v2\/types\/post"}],"author":[{"embeddable":true,"href":"https:\/\/www.europesays.com\/fr\/wp-json\/wp\/v2\/users\/2"}],"replies":[{"embeddable":true,"href":"https:\/\/www.europesays.com\/fr\/wp-json\/wp\/v2\/comments?post=479808"}],"version-history":[{"count":0,"href":"https:\/\/www.europesays.com\/fr\/wp-json\/wp\/v2\/posts\/479808\/revisions"}],"wp:featuredmedia":[{"embeddable":true,"href":"https:\/\/www.europesays.com\/fr\/wp-json\/wp\/v2\/media\/479809"}],"wp:attachment":[{"href":"https:\/\/www.europesays.com\/fr\/wp-json\/wp\/v2\/media?parent=479808"}],"wp:term":[{"taxonomy":"category","embeddable":true,"href":"https:\/\/www.europesays.com\/fr\/wp-json\/wp\/v2\/categories?post=479808"},{"taxonomy":"post_tag","embeddable":true,"href":"https:\/\/www.europesays.com\/fr\/wp-json\/wp\/v2\/tags?post=479808"}],"curies":[{"name":"wp","href":"https:\/\/api.w.org\/{rel}","templated":true}]}}