{"id":479821,"date":"2025-10-21T15:53:16","date_gmt":"2025-10-21T15:53:16","guid":{"rendered":"https:\/\/www.europesays.com\/fr\/479821\/"},"modified":"2025-10-21T15:53:16","modified_gmt":"2025-10-21T15:53:16","slug":"la-commission-europeenne-peine-a-convaincre-sur-son-choc-de-simplification","status":"publish","type":"post","link":"https:\/\/www.europesays.com\/fr\/479821\/","title":{"rendered":"La Commission europ\u00e9enne peine \u00e0 convaincre sur son \u00ab choc de simplification \u00bb"},"content":{"rendered":"<p>C\u2019est au c\u0153ur du quartier europ\u00e9en bruxellois que les \u00e9quipes de presse de la Commission europ\u00e9enne attendaient, r\u00e9unies pour recevoir avec tous les \u00e9gards une quinzaine de journalistes venus des quatre coins de l\u2019Europe. Rien n\u2019avait \u00e9t\u00e9 laiss\u00e9 au hasard : voyage en Eurostar premi\u00e8re classe depuis Paris, visite des studios t\u00e9l\u00e9vis\u00e9s et surtout, la pr\u00e9sence d\u2019un commissaire influent pour \u00e9changer avec les journalistes.<\/p>\n<p>Mais c\u2019est surtout l\u2019accueil dans le b\u00e2timent Charlemagne, ce g\u00e9ant de verre inaugur\u00e9 en 1967 qui a marqu\u00e9 les esprits de cette matin\u00e9e d\u2019octobre. \u00c0 quelques pas du Berlaymont, si\u00e8ge historique de la Commission, des journalistes venus de grands titres comme Financial Times, ainsi que de m\u00e9dias sp\u00e9cialistes des affaires europ\u00e9ennes tels que Contexte et Euractiv, ont pu mesurer l\u2019ampleur du sujet du jour : l\u2019avanc\u00e9e concr\u00e8te des \u00ab omnibus \u00bb, ces textes cens\u00e9s simplifier les r\u00e8gles europ\u00e9ennes depuis 2010.<\/p>\n","protected":false},"excerpt":{"rendered":"C\u2019est au c\u0153ur du quartier europ\u00e9en bruxellois que les \u00e9quipes de presse de la Commission europ\u00e9enne attendaient, r\u00e9unies&hellip;\n","protected":false},"author":2,"featured_media":479822,"comment_status":"","ping_status":"","sticky":false,"template":"","format":"standard","meta":{"footnotes":""},"categories":[1586],"tags":[17,11,2918,10349,60308,33,1777,674,1779,4538,1011,27,4743,12,6191,25,37310,1778,364],"class_list":{"0":"post-479821","1":"post","2":"type-post","3":"status-publish","4":"format-standard","5":"has-post-thumbnail","7":"category-europe","8":"tag-17","9":"tag-actualites","10":"tag-choc","11":"tag-commission","12":"tag-convaincre","13":"tag-economie","14":"tag-eu","15":"tag-europe","16":"tag-european-union","17":"tag-europeenne","18":"tag-fr","19":"tag-france","20":"tag-la","21":"tag-news","22":"tag-peine","23":"tag-republique-francaise","24":"tag-simplification","25":"tag-ue","26":"tag-union-europeenne"},"share_on_mastodon":{"url":"https:\/\/pubeurope.com\/@fr\/115412966138749568","error":""},"_links":{"self":[{"href":"https:\/\/www.europesays.com\/fr\/wp-json\/wp\/v2\/posts\/479821","targetHints":{"allow":["GET"]}}],"collection":[{"href":"https:\/\/www.europesays.com\/fr\/wp-json\/wp\/v2\/posts"}],"about":[{"href":"https:\/\/www.europesays.com\/fr\/wp-json\/wp\/v2\/types\/post"}],"author":[{"embeddable":true,"href":"https:\/\/www.europesays.com\/fr\/wp-json\/wp\/v2\/users\/2"}],"replies":[{"embeddable":true,"href":"https:\/\/www.europesays.com\/fr\/wp-json\/wp\/v2\/comments?post=479821"}],"version-history":[{"count":0,"href":"https:\/\/www.europesays.com\/fr\/wp-json\/wp\/v2\/posts\/479821\/revisions"}],"wp:featuredmedia":[{"embeddable":true,"href":"https:\/\/www.europesays.com\/fr\/wp-json\/wp\/v2\/media\/479822"}],"wp:attachment":[{"href":"https:\/\/www.europesays.com\/fr\/wp-json\/wp\/v2\/media?parent=479821"}],"wp:term":[{"taxonomy":"category","embeddable":true,"href":"https:\/\/www.europesays.com\/fr\/wp-json\/wp\/v2\/categories?post=479821"},{"taxonomy":"post_tag","embeddable":true,"href":"https:\/\/www.europesays.com\/fr\/wp-json\/wp\/v2\/tags?post=479821"}],"curies":[{"name":"wp","href":"https:\/\/api.w.org\/{rel}","templated":true}]}}