{"id":479823,"date":"2025-10-21T15:54:17","date_gmt":"2025-10-21T15:54:17","guid":{"rendered":"https:\/\/www.europesays.com\/fr\/479823\/"},"modified":"2025-10-21T15:54:17","modified_gmt":"2025-10-21T15:54:17","slug":"prince-andrew-la-perte-de-ses-titres-royaux-pourrait-pousser-sarah-ferguson-vers-la-sortie","status":"publish","type":"post","link":"https:\/\/www.europesays.com\/fr\/479823\/","title":{"rendered":"Prince Andrew : la perte de ses titres royaux pourrait pousser Sarah Ferguson vers la sortie"},"content":{"rendered":"<p class=\"p1\">Le fr\u00e8re de Charles III est dans une situation<br \/>\nd\u00e9licate. Six ans apr\u00e8s avoir d\u00e9missionn\u00e9 de ses fonctions royales,<br \/>\n<a href=\"https:\/\/www.closermag.fr\/royautes\/prince-andrew-renonce-a-ses-titres-royaux-ce-role-determinant-joue-par-le-prince-william-en-coulisse-3587558\" target=\"_blank\" rel=\"noopener\"><br \/>\nle prince Andrew<\/a> a \u00e9t\u00e9 rattrap\u00e9 par ses liens d\u2019amiti\u00e9 avec<br \/>\n<strong>Jeffrey Epstein<\/strong>. Pour \u00e9viter d\u2019embarrasser<br \/>\ndavantage la famille royale, il a donc d\u00e9cid\u00e9 de <strong>renoncer \u00e0<br \/>\nses titres royaux<\/strong>.<\/p>\n<p class=\"p1\">Vendredi 17 octobre, le prince Andrew a annonc\u00e9 qu\u2019il<br \/>\nne serait plus <strong>duc d\u2019York<\/strong> ni <strong>chevalier de<br \/>\nla Jarreti\u00e8re<\/strong>, le plus prestigieux ordre britannique. Une<br \/>\nd\u00e9cision qui a \u00e9galement impact\u00e9 son ex-femme, Sarah Ferguson.<br \/>\nCelle-ci a effectivement perdu <a href=\"https:\/\/www.closermag.fr\/royautes\/sarah-ferguson-la-vraie-raison-pour-laquelle-elle-a-garde-son-titre-royal-apres-son-divorce-davec-le-prince-andrew-3582734\" target=\"_blank\" rel=\"noopener\"><br \/>\nson titre de duchesse d\u2019York<\/a>, qu\u2019elle avait conserv\u00e9 apr\u00e8s leur<br \/>\ndivorce en 1996.<\/p>\n<p><img loading=\"lazy\" decoding=\"async\" aria-describedby=\"caption-attachment-3588298\" itemprop=\"thumbnailUrl\" class=\"size-full wp-image-3588298 img-responsive\" src=\"https:\/\/www.europesays.com\/fr\/wp-content\/uploads\/2025\/10\/prince-andrew-sarah-ferguson.jpg\" alt=\"Le prince Andrew et Sarah Ferguson lors des courses de chevaux \u00e0 Ascot le 21 juin 2019.\" width=\"1200\" height=\"1426\"\/> \u00a9 Agence \/ Bestimage<\/p>\n<p id=\"caption-attachment-3588298\" class=\"wp-caption-text\">Le<br \/>\nprince Andrew et Sarah Ferguson lors des courses de chevaux \u00e0 Ascot<br \/>\nle 21 juin 2019.<\/p>\n<p>Sarah Ferguson souhaiterait \u201csauver sa peau\u201d<\/p>\n<p class=\"p1\">Sarah Ferguson est aussi emp\u00eatr\u00e9e dans le scandale<br \/>\nli\u00e9 \u00e0 Jeffrey Epstein. Sa <strong>carri\u00e8re d\u2019autrice pour<br \/>\nenfants<\/strong> est d\u2019ailleurs directement impact\u00e9e. \u201cComment<br \/>\nune personne qui est rest\u00e9e amie avec un p\u00e9dophile et qui a \u00e9t\u00e9<br \/>\nfinanc\u00e9e par lui peut \u00eatre prise au s\u00e9rieux en tant que<br \/>\nporte-parole des enfants ? D\u2019autres opportunit\u00e9s commerciales<br \/>\npourraient \u00eatre perdues \u00e0 cause de ce scandale\u201d, a r\u00e9v\u00e9l\u00e9 une<br \/>\nsource au <a href=\"https:\/\/www.dailymail.co.uk\/news\/royals\/article-15208181\/Prince-Andrew-Fergie-Epstein-scandal.html\" target=\"_blank\" rel=\"nofollow noopener\">Daily<br \/>\nMail<\/a>.<\/p>\n<p class=\"p1\">Malgr\u00e9 cette situation difficile, celle qui est<br \/>\n<a href=\"https:\/\/www.closermag.fr\/royautes\/beatrice-et-eugenie-dyork-le-clan-windsor-plus-soude-que-jamais-dans-la-maladie-3542264\" target=\"_blank\" rel=\"noopener\"><br \/>\ntouch\u00e9e par un cancer<\/a> serait d\u00e9termin\u00e9e \u00e0 <strong>sortir la<br \/>\nt\u00eate de l\u2019eau<\/strong>. Le Daily Mail rapporte ainsi :<br \/>\n\u201cFergie est pr\u00eate \u00e0 tout pour sauver sa peau, mais son sort est<br \/>\n\u00e9troitement li\u00e9 \u00e0 celui de son ex-mari\u201d.<\/p>\n<p>Le prince Andrew et son ex-femme ont<br \/>\n\u201cbesoin l\u2019un de l\u2019autre\u201d<\/p>\n<p class=\"p1\">Si <a href=\"https:\/\/www.closermag.fr\/royautes\/sarah-ferguson-ce-mail-tres-compromettant-qui-entache-son-image-et-bien-plus-encore-3581616\" target=\"_blank\" rel=\"noopener\"><br \/>\nSarah Ferguson<\/a> serait tent\u00e9e de <strong>s\u2019\u00e9loigner du prince<br \/>\nAndrew<\/strong> pour s\u2019en sortir, la situation est complexe.<br \/>\nL\u2019ancien couple, rest\u00e9 tr\u00e8s proche, a \u201cplus que jamais besoin<br \/>\nl\u2019un de l\u2019autre\u201d. Leurs <strong>finances respectives<\/strong><br \/>\npourraient cependant \u00eatre source de tensions.<\/p>\n<p class=\"p1\">En effet, le prince Andrew pourrait disposer \u201cdes<br \/>\nfonds fiduciaires et d\u2019investissements\u201d pour continuer \u00e0<br \/>\n<strong>payer son loyer<\/strong> au Royal Lodge. Dans le cas<br \/>\ncontraire, il d\u00e9pendrait \u201cdes revenus de Fergie pour payer ses<br \/>\nfactures\u201d. Le couple pourrait aussi demander <strong>une aide<br \/>\nfinanci\u00e8re<\/strong> aux princesses <a href=\"https:\/\/www.closermag.fr\/royautes\/prince-andrew-renonce-a-ses-titres-royaux-beatrice-et-eugenie-dyork-epargnees-et-elle-peuvent-dire-merci-a-george-v-3587609\" target=\"_blank\" rel=\"noopener\"><br \/>\nBeatrice et Eugenie<\/a>. Si elles doivent prendre leurs distances<br \/>\navec leurs parents en public, les deux s\u0153urs resteraient tr\u00e8s<br \/>\nproches d\u2019eux en priv\u00e9.<\/p>\n","protected":false},"excerpt":{"rendered":"Le fr\u00e8re de Charles III est dans une situation d\u00e9licate. Six ans apr\u00e8s avoir d\u00e9missionn\u00e9 de ses fonctions&hellip;\n","protected":false},"author":2,"featured_media":479824,"comment_status":"","ping_status":"","sticky":false,"template":"","format":"standard","meta":{"footnotes":""},"categories":[2],"tags":[11,1011,27,12,546,25,60309],"class_list":{"0":"post-479823","1":"post","2":"type-post","3":"status-publish","4":"format-standard","5":"has-post-thumbnail","7":"category-actualites","8":"tag-actualites","9":"tag-fr","10":"tag-france","11":"tag-news","12":"tag-prince-andrew","13":"tag-republique-francaise","14":"tag-sarah-ferguson"},"share_on_mastodon":{"url":"https:\/\/pubeurope.com\/@fr\/115412970536334697","error":""},"_links":{"self":[{"href":"https:\/\/www.europesays.com\/fr\/wp-json\/wp\/v2\/posts\/479823","targetHints":{"allow":["GET"]}}],"collection":[{"href":"https:\/\/www.europesays.com\/fr\/wp-json\/wp\/v2\/posts"}],"about":[{"href":"https:\/\/www.europesays.com\/fr\/wp-json\/wp\/v2\/types\/post"}],"author":[{"embeddable":true,"href":"https:\/\/www.europesays.com\/fr\/wp-json\/wp\/v2\/users\/2"}],"replies":[{"embeddable":true,"href":"https:\/\/www.europesays.com\/fr\/wp-json\/wp\/v2\/comments?post=479823"}],"version-history":[{"count":0,"href":"https:\/\/www.europesays.com\/fr\/wp-json\/wp\/v2\/posts\/479823\/revisions"}],"wp:featuredmedia":[{"embeddable":true,"href":"https:\/\/www.europesays.com\/fr\/wp-json\/wp\/v2\/media\/479824"}],"wp:attachment":[{"href":"https:\/\/www.europesays.com\/fr\/wp-json\/wp\/v2\/media?parent=479823"}],"wp:term":[{"taxonomy":"category","embeddable":true,"href":"https:\/\/www.europesays.com\/fr\/wp-json\/wp\/v2\/categories?post=479823"},{"taxonomy":"post_tag","embeddable":true,"href":"https:\/\/www.europesays.com\/fr\/wp-json\/wp\/v2\/tags?post=479823"}],"curies":[{"name":"wp","href":"https:\/\/api.w.org\/{rel}","templated":true}]}}