{"id":479825,"date":"2025-10-21T15:55:16","date_gmt":"2025-10-21T15:55:16","guid":{"rendered":"https:\/\/www.europesays.com\/fr\/479825\/"},"modified":"2025-10-21T15:55:16","modified_gmt":"2025-10-21T15:55:16","slug":"louis-boyard-tacle-par-le-president-argentin-javier-milei-pour-sa-montre-linsoumis-denonce-une-polemique-ridicule","status":"publish","type":"post","link":"https:\/\/www.europesays.com\/fr\/479825\/","title":{"rendered":"Louis Boyard tacl\u00e9 par le pr\u00e9sident argentin Javier Milei pour sa montre, l&rsquo;Insoumis d\u00e9nonce une pol\u00e9mique \u00ab\u00a0ridicule\u00a0\u00bb"},"content":{"rendered":"<p class=\"article-p mdl\">La pol\u00e9mique est \u00ab\u00a0ridicule\u00a0\u00bb. Aupr\u00e8s de M6 Info, Louis Boyard a r\u00e9agi \u00e0 une vid\u00e9o partag\u00e9e par les r\u00e9seaux de l&rsquo;extr\u00eame droite qui l&rsquo;accusent d&rsquo;avoir retir\u00e9 une montre de luxe avant un passage \u00e0 la t\u00e9l\u00e9vision sur BFMTV, le 16 octobre. Une pol\u00e9mique qui est remont\u00e9e jusqu&rsquo;au pr\u00e9sident argentin<strong>, Javier Milei, qui a d\u00e9nonc\u00e9 sur ses r\u00e9seaux \u00ab\u00a0l&rsquo;hypocrisie de la gauche\u00a0\u00bb<\/strong>.\u00a0<\/p>\n<p class=\"article-p mdl\">Selon le d\u00e9put\u00e9 de La France Insoumise, sa montre de la marque Tissot lui a \u00e9t\u00e9 offerte par des amis pour ses 25 ans et co\u00fbterait 295 euros. Pour en attester, il a transmis une photo \u00e0 M6 Info sur laquelle on peut voir la montre en question \u00e0 son poignet, qui est semblable \u00e0 une \u00ab\u00a0Tissot PR 100 40mm\u00a0\u00bb. <strong>Sur le site de la marque suisse, le prix affich\u00e9 est bien de 295 euros.<\/strong><\/p>\n<p>                <img decoding=\"async\" alt=\"\" class=\"media-item lazy\" src=\"https:\/\/www.europesays.com\/fr\/wp-content\/uploads\/2025\/10\/1790219-photo-transmise-par-louise-boyard-ou-l-on-peut-voir-la-montre-qu-il-aurait-enleve-avant-son-.jpeg\"\/><\/p>\n<p class=\"article-media-figcaption-title\">\n            Photo transmise par Louise Boyard o\u00f9 l&rsquo;on peut voir la montre qu&rsquo;il aurait enlev\u00e9 avant son passage \u00e0 BFMTV.<\/p>\n<p class=\"article-media-figcaption-credits\">\n            Cr\u00e9dit : Louis Boyard<\/p>\n<p class=\"article-p mdl\">Louis Boyard assure, par ailleurs, <strong>ne poss\u00e9der aucune montre de luxe<\/strong>, auquel cas il aurait \u00ab\u00a0d\u00fb les d\u00e9clarer \u00e0 la HATVP\u00a0\u00bb,\u00a0<a class=\"link\" href=\"https:\/\/www.rtl.fr\/actu\/politique\/qu-est-ce-que-la-hatvp-haute-autorite-pour-la-transparence-de-la-vie-publique-7799742768\" title=\"Qu&#039;est-ce que la HATVP, Haute autorit\u00e9 pour la transparence de la vie publique ?\" target=\"_blank\" rel=\"noopener\">la Haute Autorit\u00e9 pour la transparence de la vie publique<\/a>.<\/p>\n<p class=\"article-p mdl\">Concernant la vid\u00e9o o\u00f9 on le voit retirer sa montre avant un passage \u00e0 la t\u00e9l\u00e9vision, i<strong>l explique le faire \u00ab\u00a0par habitude et par souci de confort\u00a0\u00bb<\/strong>, pour \u00ab\u00a0ne pas \u00eatre g\u00ean\u00e9\u00a0\u00bb. Constern\u00e9 par cette pol\u00e9mique, il d\u00e9nonce \u00ab\u00a0une campagne de d\u00e9sinformation men\u00e9e par l&rsquo;extr\u00eame droite\u00a0\u00bb, voire \u00ab\u00a0une vengeance des m\u00e9dias tenus par Vincent Bollor\u00e9\u00a0\u00bb.<\/p>\n<p class=\"article-p mdl\">L&rsquo;\u00e9lu se d\u00e9fend de vouloir cacher sa montre en partageant notamment une vid\u00e9o post\u00e9e sur son compte TikTok, le 10 octobre dernier, sur laquelle on le voit distribuer des tracts \u00e0 Toulouse. <strong>Sur les images, la montre appara\u00eet nettement \u00e0 son poignet.\u00a0<\/strong><\/p>\n<p>                <img decoding=\"async\" alt=\"\" class=\"media-item lazy\" src=\"https:\/\/www.europesays.com\/fr\/wp-content\/uploads\/2025\/10\/1790221-capture-d-ecran-transmise-par-louise-boyard-d-une-video-issue-de-son-compte-tiktok-sur-laque.jpeg\"\/><\/p>\n<p class=\"article-media-figcaption-title\">\n            Capture d&rsquo;\u00e9cran transmise par Louise Boyard d&rsquo;une vid\u00e9o issue de son compte TikTok, sur laquelle on peut voir la montre.<\/p>\n<p class=\"article-media-figcaption-credits\">\n            Cr\u00e9dit : Louis Boyard &#8211; TikTok<\/p>\n<p class=\"article-p mdl\">Dans une vid\u00e9o partag\u00e9e sur son compte X, Louis Boyard a tenu \u00e0 \u00ab\u00a0mettre les pendules \u00e0 l&rsquo;heure\u00a0\u00bb. <strong>\u00ab\u00a0D\u00e9sol\u00e9e de vous d\u00e9cevoir, mais j&rsquo;ai pas de Rolex\u00a0\u00bb<\/strong>, explique-t-il, avant de pr\u00e9ciser : \u00ab\u00a0Juste avant les interviews, comme je parle avec mes mains, que je peux cogner sur des tables, j&rsquo;ai pris l&rsquo;habitude de l&rsquo;enlever.\u00a0\u00bb Il accuse \u00e9galement le pr\u00e9sident argentin d&rsquo;\u00eatre \u00e0 la t\u00eate d&rsquo;un gouvernement \u00ab\u00a0qui utilise la d\u00e9sinformation comme strat\u00e9gie dans [son] pays\u00a0\u00bb.\u00a0<\/p>\n<p>    La r\u00e9daction vous recommande<\/p>\n<p class=\"s-newsletter__title\">\n                L\u2019actualit\u00e9 par la r\u00e9daction de RTL dans votre bo\u00eete mail.\n            <\/p>\n<p class=\"s-newsletter__subtitle\">\n                Gr\u00e2ce \u00e0 votre compte RTL abonnez-vous \u00e0 la newsletter RTL info pour suivre toute l&rsquo;actualit\u00e9 au quotidien\n            <\/p>\n<p>\n                                    Lire la suite\n                                <\/p>\n","protected":false},"excerpt":{"rendered":"La pol\u00e9mique est \u00ab\u00a0ridicule\u00a0\u00bb. Aupr\u00e8s de M6 Info, Louis Boyard a r\u00e9agi \u00e0 une vid\u00e9o partag\u00e9e par les&hellip;\n","protected":false},"author":2,"featured_media":479826,"comment_status":"","ping_status":"","sticky":false,"template":"","format":"standard","meta":{"footnotes":""},"categories":[2],"tags":[11,6715,107,1011,27,2338,6065,12,316,25,17786],"class_list":{"0":"post-479825","1":"post","2":"type-post","3":"status-publish","4":"format-standard","5":"has-post-thumbnail","7":"category-actualites","8":"tag-actualites","9":"tag-argentine","10":"tag-fil-info","11":"tag-fr","12":"tag-france","13":"tag-la-france-insoumise","14":"tag-montres","15":"tag-news","16":"tag-politique","17":"tag-republique-francaise","18":"tag-richesse"},"share_on_mastodon":{"url":"https:\/\/pubeurope.com\/@fr\/115412974054336112","error":""},"_links":{"self":[{"href":"https:\/\/www.europesays.com\/fr\/wp-json\/wp\/v2\/posts\/479825","targetHints":{"allow":["GET"]}}],"collection":[{"href":"https:\/\/www.europesays.com\/fr\/wp-json\/wp\/v2\/posts"}],"about":[{"href":"https:\/\/www.europesays.com\/fr\/wp-json\/wp\/v2\/types\/post"}],"author":[{"embeddable":true,"href":"https:\/\/www.europesays.com\/fr\/wp-json\/wp\/v2\/users\/2"}],"replies":[{"embeddable":true,"href":"https:\/\/www.europesays.com\/fr\/wp-json\/wp\/v2\/comments?post=479825"}],"version-history":[{"count":0,"href":"https:\/\/www.europesays.com\/fr\/wp-json\/wp\/v2\/posts\/479825\/revisions"}],"wp:featuredmedia":[{"embeddable":true,"href":"https:\/\/www.europesays.com\/fr\/wp-json\/wp\/v2\/media\/479826"}],"wp:attachment":[{"href":"https:\/\/www.europesays.com\/fr\/wp-json\/wp\/v2\/media?parent=479825"}],"wp:term":[{"taxonomy":"category","embeddable":true,"href":"https:\/\/www.europesays.com\/fr\/wp-json\/wp\/v2\/categories?post=479825"},{"taxonomy":"post_tag","embeddable":true,"href":"https:\/\/www.europesays.com\/fr\/wp-json\/wp\/v2\/tags?post=479825"}],"curies":[{"name":"wp","href":"https:\/\/api.w.org\/{rel}","templated":true}]}}