{"id":479829,"date":"2025-10-21T15:58:13","date_gmt":"2025-10-21T15:58:13","guid":{"rendered":"https:\/\/www.europesays.com\/fr\/479829\/"},"modified":"2025-10-21T15:58:13","modified_gmt":"2025-10-21T15:58:13","slug":"tout-savoir-sur-la-saison-2025-2026-de-lalterna-stade-poitevin","status":"publish","type":"post","link":"https:\/\/www.europesays.com\/fr\/479829\/","title":{"rendered":"tout savoir sur la saison 2025-2026 de l\u2019Alterna Stade Poitevin"},"content":{"rendered":"<p>Show devant\u00a0! La saison 2025-2026 de MarmaraSpike Ligue commence ce mardi 21\u00a0octobre pour l\u2019Alterna Stade Poitevin et les treize autres clubs de l\u2019\u00e9lite hexagonale. Apr\u00e8s leur incroyable ann\u00e9e pass\u00e9e, conclue en finale face \u00e0 Tours, les Poitevins se d\u00e9placent \u00e0 Saint-Nazaire pour ouvrir le bal. Un premier test lors d\u2019un d\u00e9but d\u2019exercice particulier puisque Dan Lewis et ses prot\u00e9g\u00e9s sont attendus d\u00e8s jeudi, \u00e0 l\u2019Arena Futuroscope, contre Montpellier, avant de remettre \u00e7a la semaine prochaine avec deux nouveaux matchs \u00e0 disputer en 72\u00a0h, \u00e0 Cannes puis \u00e0 Tours. Pas simple surtout dans une MSL archi concurrentielle.<\/p>\n<p>L\u2019Alterna Stade Poitevin semble tout de m\u00eame arm\u00e9 pour y jouer les premiers r\u00f4les. C\u2019est en tout cas l\u2019ambition du pr\u00e9sident Fran\u00e7ois Garreau qui vise l\u00e9gitimement une place dans la premi\u00e8re partie de tableau en fin de saison r\u00e9guli\u00e8re, et une qualification en phases finales.<\/p>\n<p><img alt=\"Gjorgi Gjorgiev, Lukas Maase et Armin Afshin Far, trois nouveaux joueurs de l\u2019Alterna SPVB.\" loading=\"lazy\" width=\"980\" height=\"573\" decoding=\"async\" data-nimg=\"1\" class=\"img-responsive spinner-show\" style=\"color:transparent;background-size:cover;background-position:50% 50%;background-repeat:no-repeat;background-image:url(&quot;data:image\/svg+xml;charset=utf-8,%3Csvg xmlns='http:\/\/www.w3.org\/2000\/svg' viewBox='0 0 980 573'%3E%3Cfilter id='b' color-interpolation-filters='sRGB'%3E%3CfeGaussianBlur stdDeviation='20'\/%3E%3CfeColorMatrix values='1 0 0 0 0 0 1 0 0 0 0 0 1 0 0 0 0 0 100 -1' result='s'\/%3E%3CfeFlood x='0' y='0' width='100%25' height='100%25'\/%3E%3CfeComposite operator='out' in='s'\/%3E%3CfeComposite in2='SourceGraphic'\/%3E%3CfeGaussianBlur stdDeviation='20'\/%3E%3C\/filter%3E%3Cimage width='100%25' height='100%25' x='0' y='0' preserveAspectRatio='none' style='filter: url(%23b);' href='https:\/\/images.lanouvellerepublique.fr\/image\/upload\/t_88w\/f_auto\/68f73b69e3ed8c77128b45b1.jpg'\/%3E%3C\/svg%3E&quot;)\"   src=\"https:\/\/www.europesays.com\/fr\/wp-content\/uploads\/2025\/10\/68f73b69e3ed8c77128b45b1.jpg\"\/><\/p>\n<p style=\"background-color:#F2F2F2;padding:5px;margin-top:0px;margin-bottom:10px\">Gjorgi Gjorgiev, Lukas Maase et Armin Afshin Far, trois nouveaux joueurs de l\u2019Alterna SPVB.<br \/> \u00a9 (Photo archives cor. NR-CP, Micka\u00ebl Pichon)<\/p>\n<p>Pour y parvenir, le club poitevin pourra s\u2019appuyer sur un groupe de quatorze \u00e9l\u00e9ments construit par C\u00e9dric Enard et Dan Lewis. Les deux hommes ont, une nouvelle fois, mis\u00e9 sur la densit\u00e9 et la compl\u00e9mentarit\u00e9. En y ajoutant un soup\u00e7on de caract\u00e8re qu\u2019il avait parfois manqu\u00e9 lors du dernier exercice.<\/p>\n<p>La pr\u00e9c\u00e9dente saison a, en tout cas, donn\u00e9 de l\u2019\u00e9lan \u00e0 tout un club qui veut continuer de se structurer, \u00e0 l\u2019image de la r\u00e9ouverture du centre de formation, afin de revenir une place forte du volley fran\u00e7ais.<\/p>\n<p>\u00a0<\/p>\n","protected":false},"excerpt":{"rendered":"Show devant\u00a0! La saison 2025-2026 de MarmaraSpike Ligue commence ce mardi 21\u00a0octobre pour l\u2019Alterna Stade Poitevin et les&hellip;\n","protected":false},"author":2,"featured_media":479830,"comment_status":"","ping_status":"","sticky":false,"template":"","format":"standard","meta":{"footnotes":""},"categories":[1417],"tags":[1392,1654,1011,27,1655,1653,60,1584,1470,1469],"class_list":{"0":"post-479829","1":"post","2":"type-post","3":"status-publish","4":"format-standard","5":"has-post-thumbnail","7":"category-volley","8":"tag-a-la-une-local","9":"tag-alterna-stade-poitevin-volley-ball","10":"tag-fr","11":"tag-france","12":"tag-ligue-a","13":"tag-poitiers","14":"tag-sports","15":"tag-vienne","16":"tag-volley","17":"tag-volleyball"},"share_on_mastodon":{"url":"https:\/\/pubeurope.com\/@fr\/115412985791404687","error":""},"_links":{"self":[{"href":"https:\/\/www.europesays.com\/fr\/wp-json\/wp\/v2\/posts\/479829","targetHints":{"allow":["GET"]}}],"collection":[{"href":"https:\/\/www.europesays.com\/fr\/wp-json\/wp\/v2\/posts"}],"about":[{"href":"https:\/\/www.europesays.com\/fr\/wp-json\/wp\/v2\/types\/post"}],"author":[{"embeddable":true,"href":"https:\/\/www.europesays.com\/fr\/wp-json\/wp\/v2\/users\/2"}],"replies":[{"embeddable":true,"href":"https:\/\/www.europesays.com\/fr\/wp-json\/wp\/v2\/comments?post=479829"}],"version-history":[{"count":0,"href":"https:\/\/www.europesays.com\/fr\/wp-json\/wp\/v2\/posts\/479829\/revisions"}],"wp:featuredmedia":[{"embeddable":true,"href":"https:\/\/www.europesays.com\/fr\/wp-json\/wp\/v2\/media\/479830"}],"wp:attachment":[{"href":"https:\/\/www.europesays.com\/fr\/wp-json\/wp\/v2\/media?parent=479829"}],"wp:term":[{"taxonomy":"category","embeddable":true,"href":"https:\/\/www.europesays.com\/fr\/wp-json\/wp\/v2\/categories?post=479829"},{"taxonomy":"post_tag","embeddable":true,"href":"https:\/\/www.europesays.com\/fr\/wp-json\/wp\/v2\/tags?post=479829"}],"curies":[{"name":"wp","href":"https:\/\/api.w.org\/{rel}","templated":true}]}}