{"id":479831,"date":"2025-10-21T15:59:12","date_gmt":"2025-10-21T15:59:12","guid":{"rendered":"https:\/\/www.europesays.com\/fr\/479831\/"},"modified":"2025-10-21T15:59:12","modified_gmt":"2025-10-21T15:59:12","slug":"super-xiii-presentation-des-equipes-du-to-xiii-2025-2026-rugby-a-xiii","status":"publish","type":"post","link":"https:\/\/www.europesays.com\/fr\/479831\/","title":{"rendered":"Super XIII &#8211; Pr\u00e9sentation des \u00e9quipes du TO XIII 2025-2026 &#8211; Rugby \u00e0 XIII"},"content":{"rendered":"<p style=\"text-align: justify;\"><b>Le TO XIII a pr\u00e9sent\u00e9 ses \u00e9quipes Elite pour la saison 2025-2026, le 8 octobre dernier \u00e0 la Mairie des Minimes de Toulouse.<\/b><\/p>\n<p style=\"text-align: justify;\">Entour\u00e9 de Dominique Baloup (pr\u00e9sident de la FFR XIII), Jacques Pla (DTN de la FFR XIII), C\u00e9cile Dufraisse (maire de quartier des Minimes) et Henri Lagoutine (\u00e9lu aux sports), le pr\u00e9sident R\u00e9mi Dufour a salu\u00e9 une \u00e9tape majeure dans l\u2019histoire du club. Apr\u00e8s une p\u00e9riode de redressement, l\u2019association repart sur des bases solides, fi\u00e8re d\u2019aligner pour la premi\u00e8re fois trois \u00e9quipes en \u00e9lite : Super XIII, F\u00e9minines et Para XIII.<\/p>\n<p style=\"text-align: justify;\"><a href=\"https:\/\/treizemondial.fr\/wp-content\/uploads\/2025\/10\/DOSSIER-MEDIA.pdf\" class=\"pdfemb-viewer\" style=\"\" data-width=\"max\" data-height=\"max\" data-toolbar=\"both\" data-toolbar-fixed=\"on\" target=\"_blank\" rel=\"noopener\">DOSSIER MEDIA<\/a><\/p>\n","protected":false},"excerpt":{"rendered":"Le TO XIII a pr\u00e9sent\u00e9 ses \u00e9quipes Elite pour la saison 2025-2026, le 8 octobre dernier \u00e0 la&hellip;\n","protected":false},"author":2,"featured_media":479832,"comment_status":"","ping_status":"","sticky":false,"template":"","format":"standard","meta":{"footnotes":""},"categories":[1416],"tags":[1011,27,479,2228,1468,2229,60,2231,7302],"class_list":{"0":"post-479831","1":"post","2":"type-post","3":"status-publish","4":"format-standard","5":"has-post-thumbnail","7":"category-rugby","8":"tag-fr","9":"tag-france","10":"tag-rugby","11":"tag-rugby-a-xiii","12":"tag-rugby-football","13":"tag-rugby-league","14":"tag-sports","15":"tag-super-xiii","16":"tag-toulouse-olympique-elite"},"share_on_mastodon":{"url":"https:\/\/pubeurope.com\/@fr\/115412989648628119","error":""},"_links":{"self":[{"href":"https:\/\/www.europesays.com\/fr\/wp-json\/wp\/v2\/posts\/479831","targetHints":{"allow":["GET"]}}],"collection":[{"href":"https:\/\/www.europesays.com\/fr\/wp-json\/wp\/v2\/posts"}],"about":[{"href":"https:\/\/www.europesays.com\/fr\/wp-json\/wp\/v2\/types\/post"}],"author":[{"embeddable":true,"href":"https:\/\/www.europesays.com\/fr\/wp-json\/wp\/v2\/users\/2"}],"replies":[{"embeddable":true,"href":"https:\/\/www.europesays.com\/fr\/wp-json\/wp\/v2\/comments?post=479831"}],"version-history":[{"count":0,"href":"https:\/\/www.europesays.com\/fr\/wp-json\/wp\/v2\/posts\/479831\/revisions"}],"wp:featuredmedia":[{"embeddable":true,"href":"https:\/\/www.europesays.com\/fr\/wp-json\/wp\/v2\/media\/479832"}],"wp:attachment":[{"href":"https:\/\/www.europesays.com\/fr\/wp-json\/wp\/v2\/media?parent=479831"}],"wp:term":[{"taxonomy":"category","embeddable":true,"href":"https:\/\/www.europesays.com\/fr\/wp-json\/wp\/v2\/categories?post=479831"},{"taxonomy":"post_tag","embeddable":true,"href":"https:\/\/www.europesays.com\/fr\/wp-json\/wp\/v2\/tags?post=479831"}],"curies":[{"name":"wp","href":"https:\/\/api.w.org\/{rel}","templated":true}]}}