{"id":479833,"date":"2025-10-21T16:00:11","date_gmt":"2025-10-21T16:00:11","guid":{"rendered":"https:\/\/www.europesays.com\/fr\/479833\/"},"modified":"2025-10-21T16:00:11","modified_gmt":"2025-10-21T16:00:11","slug":"atp-rennae-stubbs-ne-comprend-pas-novak-djokovic-combien-de-temps-va-t-il-continuer-a-faire-ca-il-na-aucune-raison-de-continuer-a-jouer-il-nessaie-pas-de-remporter-un-autre-masters-1000-il","status":"publish","type":"post","link":"https:\/\/www.europesays.com\/fr\/479833\/","title":{"rendered":"ATP > Rennae Stubbs ne comprend pas Novak Djokovic : \u00ab\u00a0Combien de temps va-t-il continuer \u00e0 faire \u00e7a ? Il n&rsquo;a aucune raison de continuer \u00e0 jouer. Il n&rsquo;essaie pas de remporter un autre Masters 1000, il d\u00e9tient tous les records\u00a0\u00bb"},"content":{"rendered":"<p>L\u2019ancienne num\u00e9ro 1 mondiale en double et coach de Serena Williams, Rennae Stubbs, n\u2019avait pas sa langue dans sa poche lors du <a href=\"https:\/\/open.spotify.com\/show\/6VAQ50alkV17L7QNztY8mS\" data-wpel-link=\"external\" target=\"_blank\" rel=\"nofollow external noopener\">dernier \u00e9pisode de son podcast<\/a>. <\/p>\n<p>Apr\u00e8s avoir expliqu\u00e9 que <a href=\"https:\/\/www.welovetennis.fr\/wta\/rennae-stubbs-pas-tendre-avec-coco-gauff-elle-est-la-joueuse-ultime-pour-gagner-de-maniere-moche\" data-wpel-link=\"internal\" rel=\"nofollow noopener\" target=\"_blank\">\u00ab\u202fCoco Gauff est la joueuse ultime pour gagner de mani\u00e8re moche\u202f\u00bb<\/a>, l\u2019Australienne s\u2019est longue\u00adment exprim\u00e9e sur les r\u00e9centes diffi\u00adcult\u00e9s physiques de Novak Djokovic, battu par Vacherot \u00e0 Shanghai et contraint \u00e0 l\u2019abandon face \u00e0 Fritz lors du Six Kings Slam. Selon elle, le Serbe n\u2019a plus aucune raison de s\u2019ac\u00adcro\u00adcher alors qu\u2019il a tout\u00a0gagn\u00e9.\u00a0<\/p>\n<p><strong>\u00ab\u202fNovak ne semble tout simple\u00adment plus avoir assez de ressources face \u00e0 certains de ces joueurs\u2026 \u00c0 un moment donn\u00e9, et j\u2019en parle depuis des mois, voire depuis un an ou deux, le temps finit par rattraper tout le monde. \u00c0 un moment donn\u00e9, cela finit par vous rattraper, et vous vous demandez simple\u00adment\u00a0: combien de temps va\u2010t\u2010il conti\u00adnuer \u00e0 faire \u00e7a\u202f? J\u2019esp\u00e8re me tromper. Je veux qu\u2019il continue \u00e0 jouer. Mais je me demande s\u2019il va conti\u00adnuer \u00e0 se battre jusqu\u2019\u00e0 Roland\u2010Garros et Wimbledon. C\u2019est dans neuf mois environ. Il n\u2019es\u00adsaie pas de remporter un autre Masters 1000, il d\u00e9tient tous les records. Il n\u2019a aucune raison de conti\u00adnuer \u00e0\u00a0jouer.\u202f\u00bb<\/strong><\/p>\n<p class=\"post-published-date\" style=\"color: silver; font-size: 75%; text-align: left;\">Publi\u00e9 le mardi 21 octobre 2025 \u00e0 15:15<\/p>\n","protected":false},"excerpt":{"rendered":"L\u2019ancienne num\u00e9ro 1 mondiale en double et coach de Serena Williams, Rennae Stubbs, n\u2019avait pas sa langue dans&hellip;\n","protected":false},"author":2,"featured_media":363313,"comment_status":"","ping_status":"","sticky":false,"template":"","format":"standard","meta":{"footnotes":""},"categories":[1415],"tags":[105,1011,27,2201,60,1467],"class_list":{"0":"post-479833","1":"post","2":"type-post","3":"status-publish","4":"format-standard","5":"has-post-thumbnail","7":"category-tennis","8":"tag-djokovic","9":"tag-fr","10":"tag-france","11":"tag-serena-williams","12":"tag-sports","13":"tag-tennis"},"share_on_mastodon":{"url":"https:\/\/pubeurope.com\/@fr\/115412993559857239","error":""},"_links":{"self":[{"href":"https:\/\/www.europesays.com\/fr\/wp-json\/wp\/v2\/posts\/479833","targetHints":{"allow":["GET"]}}],"collection":[{"href":"https:\/\/www.europesays.com\/fr\/wp-json\/wp\/v2\/posts"}],"about":[{"href":"https:\/\/www.europesays.com\/fr\/wp-json\/wp\/v2\/types\/post"}],"author":[{"embeddable":true,"href":"https:\/\/www.europesays.com\/fr\/wp-json\/wp\/v2\/users\/2"}],"replies":[{"embeddable":true,"href":"https:\/\/www.europesays.com\/fr\/wp-json\/wp\/v2\/comments?post=479833"}],"version-history":[{"count":0,"href":"https:\/\/www.europesays.com\/fr\/wp-json\/wp\/v2\/posts\/479833\/revisions"}],"wp:featuredmedia":[{"embeddable":true,"href":"https:\/\/www.europesays.com\/fr\/wp-json\/wp\/v2\/media\/363313"}],"wp:attachment":[{"href":"https:\/\/www.europesays.com\/fr\/wp-json\/wp\/v2\/media?parent=479833"}],"wp:term":[{"taxonomy":"category","embeddable":true,"href":"https:\/\/www.europesays.com\/fr\/wp-json\/wp\/v2\/categories?post=479833"},{"taxonomy":"post_tag","embeddable":true,"href":"https:\/\/www.europesays.com\/fr\/wp-json\/wp\/v2\/tags?post=479833"}],"curies":[{"name":"wp","href":"https:\/\/api.w.org\/{rel}","templated":true}]}}