{"id":479834,"date":"2025-10-21T16:01:11","date_gmt":"2025-10-21T16:01:11","guid":{"rendered":"https:\/\/www.europesays.com\/fr\/479834\/"},"modified":"2025-10-21T16:01:11","modified_gmt":"2025-10-21T16:01:11","slug":"basket-ball-jerome-christ-entre-au-pantheon-du-basket-francais-dna-fr","status":"publish","type":"post","link":"https:\/\/www.europesays.com\/fr\/479834\/","title":{"rendered":"Basket-ball. J\u00e9r\u00f4me Christ entre au panth\u00e9on du basket fran\u00e7ais &#8211; DNA.fr"},"content":{"rendered":"<ol>\n<li><a href=\"https:\/\/news.google.com\/rss\/articles\/CBMijwFBVV95cUxNRktSTjAzaXExXzNhMkZtY055X0toUDBOUWpqcHFPZlNIMG00MklHMXBHTnpYNnJ6Tm4zM3FSOUxKMmlxb05JR0lJNkZOdUZIaGtZWTdRV0N2OW83Z3QwYmZGd3ZiYi1aVlpvcDdPM0ROUkpkQWRZTHhlMjZ2cnBBVHRXMVpwaVE3VHN1X2tkWQ?oc=5\" target=\"_blank\" rel=\"noopener\">Basket-ball. J\u00e9r\u00f4me Christ entre au panth\u00e9on du basket fran\u00e7ais<\/a>&nbsp;&nbsp;DNA.fr<\/li>\n<li><a href=\"https:\/\/news.google.com\/rss\/articles\/CBMijgJBVV95cUxNT0dTT29nUF8yN0xOVXBkakxfRFJOQVVkWGNNdlhWbzNBV0p0NkpNQ1prOHJNZVB1SERkN19STGtEZTFDREc2b19pT3FWTlVmdlVTaF9OazdTRGtWdDdjS1BJWDFYUEhtYjA1OHBaOGd3N2J3d1JzbHZtaEU5ZTZvazM1X0xuV3ZRd3JRUTVNLWxIWUNZd2FsZEdKQ3M1VW9xRU1DbTdiTDR6QVdJVTcxMVRCR0FfYnNEU21zZUY0cjhJZXdONEhtNGxDV2kwNVhWeWhteTJKVGgzNUloU3ZtN2JlcU9nd1B3NkZPV3VfZDNWbzV6aTNzOFBPRVcySDFLYlgyWkkzTEtfWHFFTFE?oc=5\" target=\"_blank\" rel=\"noopener\">\u00ab\u00a0La qualit\u00e9 de notre formation est reconnue partout\u00a0\u00bb : Alain Contensoux, directeur technique national du basket fran\u00e7ais<\/a>&nbsp;&nbsp;La Montagne<\/li>\n<li><a href=\"https:\/\/news.google.com\/rss\/articles\/CBMivwFBVV95cUxQSWo1Nzh5VnRyRnplYVBrS24wdmx4eTRScGVfNG1YT01Pb2FWNWtEYmhXRXdwM0RxSTdmVkh6YVE1cmkzQm0zRzMzQXVqcmo5ZGRud3U2elN5WElNbkZFMFlNeG9aVXVuazdPR3RLRUZIVTN5UlBFUmZ3V2thZXZMZ0lxY3NFN1JPVTE0SHJKdlhNT1BBb1BNbENFMk9LYXRtT21vRDBaSDZraDM3YjQtYVdyZlVLRWdJdm5FekRBRQ?oc=5\" target=\"_blank\" rel=\"noopener\">Entra\u00eeneur \u00e0 Dieppe, Michel Gomez entre \u00e0 l&rsquo;Acad\u00e9mie du basket fran\u00e7ais<\/a>&nbsp;&nbsp;Actu.fr<\/li>\n<li><a href=\"https:\/\/news.google.com\/rss\/articles\/CBMioAFBVV95cUxQeUNMM3R4aUFGbGM0ZGE1OGdocm5yeTVIY2JLNENDUjR4Q3JGemlTbm80N1BmTWNZTmlUMl9JSnJfZVl1VV9EODFBUEtyR08zbzRVOERMcmVfVWhMWi1oelVPREFEYTFoaFkxOVItRTg3NW5laDI4ci0wYkU4UEVMRDVxWWtkUVBvOXhxMzBnZ1VZYmd4djYxSi05LW1BWTNT?oc=5\" target=\"_blank\" rel=\"noopener\">Les \u00ab Demoiselles de Clermont \u00bb honor\u00e9es un demi-si\u00e8cle apr\u00e8s leur \u00e9pop\u00e9e<\/a>&nbsp;&nbsp;BasketEurope.com<\/li>\n<li><a href=\"https:\/\/news.google.com\/rss\/articles\/CBMitgFBVV95cUxPbDYzT1JFOHlBNHVhMXpkX2hjV3hCS2JEWU9mSjZoZHZwNW51U2lqTUhmdUs5SFpIWTZSbTk0NDJGSkhCa0laTkZHZXV0Wl9LUzFtSXNROVk5aUdXdEQ3b0NyRm8xWFcwQk9kbHZ4V1lKR2tVeS1lN0FWMkE0eEhqbnFnaGF3a0cyYnFXYVhMNlFOMXAtNlpwNFRhMHE0S3B2cVNmc1pBbWpTWThLdWxiQW1qcERiUQ?oc=5\" target=\"_blank\" rel=\"noopener\">Florent Pi\u00e9trus, Michel Gomez et cinq autres figures honor\u00e9es \u00e0 l\u2019Acad\u00e9mie du Basket fran\u00e7ais<\/a>&nbsp;&nbsp;BeBasket<\/li>\n<\/ol>\n","protected":false},"excerpt":{"rendered":"Basket-ball. J\u00e9r\u00f4me Christ entre au panth\u00e9on du basket fran\u00e7ais&nbsp;&nbsp;DNA.fr \u00ab\u00a0La qualit\u00e9 de notre formation est reconnue partout\u00a0\u00bb :&hellip;\n","protected":false},"author":2,"featured_media":479835,"comment_status":"","ping_status":"","sticky":false,"template":"","format":"standard","meta":{"footnotes":""},"categories":[1414],"tags":[2389,2649,1465,1791,1464,107,1701,1011,27,329,3543,517,60,640],"class_list":{"0":"post-479834","1":"post","2":"type-post","3":"status-publish","4":"format-standard","5":"has-post-thumbnail","7":"category-basket","8":"tag-alsace","9":"tag-bas-rhin","10":"tag-basket","11":"tag-basket-ball","12":"tag-basketball","13":"tag-fil-info","14":"tag-fil-info-sport","15":"tag-fr","16":"tag-france","17":"tag-france-monde","18":"tag-sig-strasbourg","19":"tag-sport","20":"tag-sports","21":"tag-strasbourg"},"share_on_mastodon":{"url":"https:\/\/pubeurope.com\/@fr\/115412997528818907","error":""},"_links":{"self":[{"href":"https:\/\/www.europesays.com\/fr\/wp-json\/wp\/v2\/posts\/479834","targetHints":{"allow":["GET"]}}],"collection":[{"href":"https:\/\/www.europesays.com\/fr\/wp-json\/wp\/v2\/posts"}],"about":[{"href":"https:\/\/www.europesays.com\/fr\/wp-json\/wp\/v2\/types\/post"}],"author":[{"embeddable":true,"href":"https:\/\/www.europesays.com\/fr\/wp-json\/wp\/v2\/users\/2"}],"replies":[{"embeddable":true,"href":"https:\/\/www.europesays.com\/fr\/wp-json\/wp\/v2\/comments?post=479834"}],"version-history":[{"count":0,"href":"https:\/\/www.europesays.com\/fr\/wp-json\/wp\/v2\/posts\/479834\/revisions"}],"wp:featuredmedia":[{"embeddable":true,"href":"https:\/\/www.europesays.com\/fr\/wp-json\/wp\/v2\/media\/479835"}],"wp:attachment":[{"href":"https:\/\/www.europesays.com\/fr\/wp-json\/wp\/v2\/media?parent=479834"}],"wp:term":[{"taxonomy":"category","embeddable":true,"href":"https:\/\/www.europesays.com\/fr\/wp-json\/wp\/v2\/categories?post=479834"},{"taxonomy":"post_tag","embeddable":true,"href":"https:\/\/www.europesays.com\/fr\/wp-json\/wp\/v2\/tags?post=479834"}],"curies":[{"name":"wp","href":"https:\/\/api.w.org\/{rel}","templated":true}]}}