{"id":479838,"date":"2025-10-21T16:03:13","date_gmt":"2025-10-21T16:03:13","guid":{"rendered":"https:\/\/www.europesays.com\/fr\/479838\/"},"modified":"2025-10-21T16:03:13","modified_gmt":"2025-10-21T16:03:13","slug":"zak-brown-presente-ses-excuses-apres-le-choc-des-mclaren-au-sprint-f1-analyse-et-consequences","status":"publish","type":"post","link":"https:\/\/www.europesays.com\/fr\/479838\/","title":{"rendered":"Zak Brown pr\u00e9sente ses excuses apr\u00e8s le choc des McLaren au Sprint F1 : analyse et cons\u00e9quences"},"content":{"rendered":"<p><img decoding=\"async\" src=\"https:\/\/www.europesays.com\/fr\/wp-content\/uploads\/2025\/10\/68f6919f14e38190065262c3_XPB_1379582_HiRes.jpeg\" alt=\"Brown s'excuse aupr\u00e8s de ses rivaux apr\u00e8s avoir accus\u00e9 leurs pilotes dans l'accident des McLaren\"\/> \ud83d\udea6 Retour sur l&rsquo;incident majeur du Sprint F1 \u00e0 Austin <\/p>\n<p>Lors du Sprint du Grand Prix de Formule 1 d\u2019Austin, le premier virage a \u00e9t\u00e9 le th\u00e9\u00e2tre d\u2019un carambolage spectaculaire impliquant plusieurs pilotes, parmi lesquels Nico Hulkenberg, Fernando Alonso et, surtout, les deux pilotes <a href=\"https:\/\/fr.mclaren.com\/racing\/\" target=\"_blank\" rel=\"nofollow noopener\">McLaren<\/a>, Oscar Piastri et Lando Norris. Ce choc, provoqu\u00e9 par une r\u00e9action en cha\u00eene, a conduit \u00e0 l\u2019\u00e9limination pr\u00e9coce des deux monoplaces orange, g\u00e9n\u00e9rant imm\u00e9diatement des r\u00e9actions passionn\u00e9es et diverses analyses quant aux responsabilit\u00e9s des uns et des autres.<\/p>\n<p>\u00c0 la sortie du virage, Zak Brown, PDG de <a href=\"https:\/\/fr.mclaren.com\/racing\/\" target=\"_blank\" rel=\"nofollow noopener\">McLaren<\/a>, n\u2019a pas cach\u00e9 sa frustration. Depuis le muret des stands, il a livr\u00e9 \u00e0 chaud une analyse sans concession, remettant en cause le comportement des pilotes de t\u00eate, en jugeant qu\u2019il s\u2019agissait de \u00ab pilotage d\u2019amateur \u00bb. Ce point de vue s\u2019est largement diffus\u00e9 dans les discussions post-course et a imm\u00e9diatement attir\u00e9 l\u2019attention des acteurs du paddock, exacerbant les tensions autour de cet accrochage.<\/p>\n<p>Cependant, l\u2019analyse des faits, la vue des replays et la synth\u00e8se des \u00e9l\u00e9ments ont progressivement amen\u00e9 \u00e0 un examen plus nuanc\u00e9 de la situation. De nombreux observateurs ont d\u00e9cel\u00e9 que l\u2019origine de l\u2019incident serait li\u00e9e \u00e0 une tentative, peut-\u00eatre trop optimiste, de changement de trajectoire d\u2019Oscar Piastri \u00e0 l\u2019int\u00e9rieur afin de d\u00e9passer Lando Norris, une man\u0153uvre qui s\u2019est r\u00e9percut\u00e9e jusque dans la roue arri\u00e8re gauche de la <a href=\"https:\/\/fr.mclaren.com\/racing\/\" target=\"_blank\" rel=\"nofollow noopener\">McLaren<\/a> devant elle.<\/p>\n<p> \ud83d\udcf2 Gestion de crise chez McLaren : excuses et responsabilit\u00e9s partag\u00e9es <\/p>\n<p>Face \u00e0 la mont\u00e9e de la pol\u00e9mique, Zak Brown a rapidement ajust\u00e9 sa communication. Ayant pris conscience que son analyse initiale pouvait \u00eatre injuste, il a contact\u00e9 sur-le-champ l\u2019\u00e9quipe <a href=\"https:\/\/www.sauber-group.com\/motorsport\/\" target=\"_blank\" rel=\"nofollow noopener\">Sauber<\/a> et le principal concern\u00e9, Nico Hulkenberg, pour leur pr\u00e9senter des excuses officielles. Brown a imm\u00e9diatement reconnu que ses propos avaient \u00e9t\u00e9 influenc\u00e9s par la tension et la passion du moment, et il n\u2019a pas h\u00e9sit\u00e9 \u00e0 rectifier publiquement son point de vue apr\u00e8s avoir revu les images.<\/p>\n<p>Ce geste d\u2019humilit\u00e9 a \u00e9t\u00e9 salu\u00e9 dans le paddock. Jonathan Wheatley, le patron de <a href=\"https:\/\/www.sauber-group.com\/motorsport\/\" target=\"_blank\" rel=\"nofollow noopener\">Sauber<\/a> \u00e0 Austin, n\u2019a exprim\u00e9 aucune ranc\u0153ur, pr\u00e9cisant que dans l&rsquo;adr\u00e9naline de la premi\u00e8re courbe, il est naturel d\u2019attribuer les torts de fa\u00e7on impulsive. Wheatley a soulign\u00e9 : \u00ab Ce sport, c\u2019est la passion. Quand vous poss\u00e9dez deux voitures, que vous luttez pour le championnat du monde et que vos deux monoplaces sont \u00e9vinc\u00e9es d\u00e8s le premier virage, il est facile de r\u00e9agir avec vivacit\u00e9. Zak a rectifi\u00e9 rapidement, et nous avons mis ce diff\u00e9rend de c\u00f4t\u00e9. \u00bb<\/p>\n<p>Cette s\u00e9quence illustre parfaitement comment les \u00e9quipes de Formule 1, malgr\u00e9 la comp\u00e9tition f\u00e9roce, savent faire preuve de respect et maintenir une communication ouverte pour apaiser les tensions. L\u2019attitude de Zak Brown a d\u2019ailleurs \u00e9t\u00e9 per\u00e7ue comme un exemple positif de gestion de crise et d\u2019autocritique dans un environnement o\u00f9 la pression et les m\u00e9dias ne laissent que peu de place \u00e0 l\u2019erreur.<\/p>\n<p> \u26a1 Enqu\u00eate interne chez McLaren : transparence et m\u00e9thode <\/p>\n<p>Si les incidents de course font partie de la Formule 1, la r\u00e9p\u00e9tition de tels \u00e9v\u00e9nements n\u00e9cessite une remise en question collective. Le consensus g\u00e9n\u00e9ral, partag\u00e9 aussi bien par les pilotes que par les commissaires de course, a \u00e9t\u00e9 d\u2019assimiler ce carambolage \u00e0 un simple incident de course, ne n\u00e9cessitant pas d\u2019investigation formelle. Toutefois, chez <a href=\"https:\/\/fr.mclaren.com\/racing\/\" target=\"_blank\" rel=\"nofollow noopener\">McLaren<\/a>, la collision ayant \u00e9limin\u00e9 Norris et Piastri oblige \u00e0 une autopsie pr\u00e9cise des faits, non pour cibler un coupable, mais pour avancer ensemble.<\/p>\n<p>Oscar Piastri, impliqu\u00e9 dans la man\u0153uvre, a reconnu que l\u2019action s\u2019\u00e9tait jou\u00e9e \u00e0 la limite : \u00ab J&rsquo;\u00e9tais loin de l\u2019apex et je pense que les voitures derri\u00e8re sont arriv\u00e9es aussi tr\u00e8s vite. Aurais-je pu agir diff\u00e9remment ? Peut-\u00eatre, mais cela aurait pu signifier laisser passer deux ou trois voitures\u2026 Or, je ne peux pas simplement sortir de la piste. Il s\u2019agit d\u2019un incident de course. \u00bb<\/p>\n<p>La direction de <a href=\"https:\/\/fr.mclaren.com\/racing\/\" target=\"_blank\" rel=\"nofollow noopener\">McLaren<\/a>, incarn\u00e9e par Andrea Stella, a choisi la s\u00e9r\u00e9nit\u00e9 face \u00e0 cet \u00e9pisode. Pour Stella, l\u2019important n\u2019\u00e9tait pas de r\u00e9gler les comptes sur-le-champ, car cela aurait pu d\u00e9tourner l\u2019attention de la performance du week-end \u00e0 Austin : \u00ab Avec Lando et Oscar, les discussions ont port\u00e9 sur la n\u00e9cessit\u00e9 de se recentrer, de ne pas ressasser le pass\u00e9, surtout lorsque des s\u00e9ances qualificatives cruciales attendent encore l\u2019\u00e9quipe. Le v\u00e9ritable d\u00e9briefing viendra en temps voulu, en toute transparence et selon le cadre d\u00e9fini par notre politique de course interne. \u00bb<\/p>\n<p>Cette d\u00e9marche collaborative, bas\u00e9e sur le dialogue entre les pilotes et l\u2019encadrement technique, a permis \u00e0 <a href=\"https:\/\/fr.mclaren.com\/racing\/\" target=\"_blank\" rel=\"nofollow noopener\">McLaren<\/a> d\u2019asseoir une culture de responsabilit\u00e9 partag\u00e9e, favorisant ainsi la progression de l\u2019\u00e9curie et \u00e9vitant la recherche de boucs \u00e9missaires.<\/p>\n<p> \ud83d\udd0d L\u2019apprentissage continu au sein de l\u2019\u00e9quipe McLaren <\/p>\n<p>Ce n\u2019est pas la premi\u00e8re fois que le team <a href=\"https:\/\/fr.mclaren.com\/racing\/\" target=\"_blank\" rel=\"nofollow noopener\">McLaren<\/a> se retrouve confront\u00e9 \u00e0 la n\u00e9cessit\u00e9 de tirer des le\u00e7ons d\u2019un accrochage interne. Quelques semaines plus t\u00f4t, l\u2019\u00e9quipe avait d\u00e9j\u00e0 analys\u00e9 une situation tendue entre ses deux pilotes au Grand Prix de Singapour. \u00c0 l\u2019issue de cette revue interne, une part de responsabilit\u00e9 avait \u00e9t\u00e9 attribu\u00e9e \u00e0 Lando Norris, le contraignant \u00e0 subir des cons\u00e9quences d\u00e9finies par l\u2019\u00e9quipe pour le reste de la saison. Pourtant, la philosophie du team de Woking semble \u00eatre d\u2019assumer collectivement ces erreurs et d\u2019en faire une force pour l\u2019avenir, en renfor\u00e7ant les standards de communication et de d\u00e9cision strat\u00e9gique.<\/p>\n<p>L\u2019analyse des accrochages multivoitures comme celui d\u2019Austin r\u00e9v\u00e8le la complexit\u00e9 du pilotage dans des conditions extr\u00eames. Les aspirations individuelles des pilotes s\u2019entrem\u00ealent \u00e0 la pression des objectifs d\u2019\u00e9quipe, mettant en lumi\u00e8re l\u2019importance de la gestion psychologique autant que technique.<a href=\"https:\/\/fr.mclaren.com\/racing\/\" target=\"_blank\" rel=\"nofollow noopener\">McLaren<\/a> ambitionne aujourd\u2019hui de transformer ces \u00e9pisodes en enseignements durables, en capitalisant sur chaque exp\u00e9rience pour forger une \u00e9quipe plus r\u00e9siliente et mieux pr\u00e9par\u00e9e aux impr\u00e9vus de la course.<\/p>\n<p>Ce processus de remise en question est facilit\u00e9 par une approche syst\u00e9matique : chaque incident est analys\u00e9 avec rigueur, mais toujours avec la volont\u00e9 de prot\u00e9ger l\u2019unit\u00e9 de l\u2019\u00e9quipe et la confiance entre pilotes.<\/p>\n<p> \ud83d\ude80 McLaren vers l\u2019avenir : coh\u00e9sion, performance et esprit de comp\u00e9tition <\/p>\n<p>Malgr\u00e9 l\u2019onde de choc engendr\u00e9e par les contacts successifs de ses deux pilotes \u00e0 Austin, <a href=\"https:\/\/fr.mclaren.com\/racing\/\" target=\"_blank\" rel=\"nofollow noopener\">McLaren<\/a> refuse de c\u00e9der \u00e0 la morosit\u00e9. Les enseignements tir\u00e9s de ce week-end chaotique renforcent le ciment de l\u2019\u00e9quipe, qui se projette d\u00e9j\u00e0 vers les prochaines \u00e9ch\u00e9ances avec d\u00e9termination. Le management a d\u00e9cid\u00e9 de reporter toute sanction ou cons\u00e9quence individuelle \u00e0 l\u2019issue d\u2019une \u00e9valuation approfondie et collective, affirmant sa confiance dans le professionnalisme de ses pilotes et sa volont\u00e9 d\u2019apporter du soutien au lieu de la pression excessive.<\/p>\n<p>Les fans et partenaires de <a href=\"https:\/\/fr.mclaren.com\/racing\/\" target=\"_blank\" rel=\"nofollow noopener\">McLaren<\/a> attendaient une r\u00e9action \u00e0 la hauteur, non pas un r\u00e8glement de comptes improvis\u00e9, mais bien une preuve de maturit\u00e9 et de coh\u00e9sion. Les conversations entre Lando Norris et Oscar Piastri, men\u00e9es dans le respect et la franchise, t\u00e9moignent que le dialogue et la transparence restent au c\u0153ur de l\u2019ADN du team britannique.<\/p>\n<p>En Formule 1, l\u2019adaptation et la r\u00e9silience sont souvent plus d\u00e9terminantes que la vitesse pure. <a href=\"https:\/\/fr.mclaren.com\/racing\/\" target=\"_blank\" rel=\"nofollow noopener\">McLaren<\/a> l\u2019a d\u00e9montr\u00e9 en utilisant chaque d\u00e9fi comme un levier d\u2019am\u00e9lioration, aussi bien sur le plan humain que technique. En capitalisant sur l\u2019intelligence collective et la volont\u00e9 farouche de progresser, l\u2019\u00e9quipe s\u2019impose comme un exemple de gestion moderne et inspirante du sport automobile.<\/p>\n<p>Alors que la saison se poursuit et que la lutte pour les places d\u2019honneur s\u2019intensifie, <a href=\"https:\/\/fr.mclaren.com\/racing\/\" target=\"_blank\" rel=\"nofollow noopener\">McLaren<\/a> aborde chaque virage, chaque duel, avec la conviction que la r\u00e9ussite passe par l\u2019apprentissage, l\u2019humilit\u00e9 et l\u2019unit\u00e9. Ce n\u2019est qu\u2019ensemble, sur la piste comme en dehors, que les plus belles victoires deviennent possibles. \ud83c\udfc1<\/p>\n<p>\u00c0 l&rsquo;image de la <a href=\"https:\/\/cars.mclaren.com\/fr-fr\/super-series\/720s\" target=\"_blank\" rel=\"nofollow noopener\">McLaren 720S<\/a>, conjuguant adr\u00e9naline et ma\u00eetrise, l&rsquo;univers du leasing automobile vous ouvre de nouveaux horizons. D\u00e9couvrez toutes les offres LOA &amp; LLD sur <a href=\"https:\/\/www.joinsteer.com\" target=\"_blank\" rel=\"nofollow noopener\">Joinsteer<\/a>, pour concr\u00e9tiser vos r\u00eaves de pilotage au quotidien.<\/p>\n","protected":false},"excerpt":{"rendered":"\ud83d\udea6 Retour sur l&rsquo;incident majeur du Sprint F1 \u00e0 Austin Lors du Sprint du Grand Prix de Formule&hellip;\n","protected":false},"author":2,"featured_media":479839,"comment_status":"","ping_status":"","sticky":false,"template":"","format":"standard","meta":{"footnotes":""},"categories":[1412],"tags":[1451,1452,1453,1454,1455,1011,27,60],"class_list":{"0":"post-479838","1":"post","2":"type-post","3":"status-publish","4":"format-standard","5":"has-post-thumbnail","7":"category-f1","8":"tag-f1","9":"tag-formula-1","10":"tag-formula1","11":"tag-formule-1","12":"tag-formule1","13":"tag-fr","14":"tag-france","15":"tag-sports"},"share_on_mastodon":{"url":"https:\/\/pubeurope.com\/@fr\/115413005433848708","error":""},"_links":{"self":[{"href":"https:\/\/www.europesays.com\/fr\/wp-json\/wp\/v2\/posts\/479838","targetHints":{"allow":["GET"]}}],"collection":[{"href":"https:\/\/www.europesays.com\/fr\/wp-json\/wp\/v2\/posts"}],"about":[{"href":"https:\/\/www.europesays.com\/fr\/wp-json\/wp\/v2\/types\/post"}],"author":[{"embeddable":true,"href":"https:\/\/www.europesays.com\/fr\/wp-json\/wp\/v2\/users\/2"}],"replies":[{"embeddable":true,"href":"https:\/\/www.europesays.com\/fr\/wp-json\/wp\/v2\/comments?post=479838"}],"version-history":[{"count":0,"href":"https:\/\/www.europesays.com\/fr\/wp-json\/wp\/v2\/posts\/479838\/revisions"}],"wp:featuredmedia":[{"embeddable":true,"href":"https:\/\/www.europesays.com\/fr\/wp-json\/wp\/v2\/media\/479839"}],"wp:attachment":[{"href":"https:\/\/www.europesays.com\/fr\/wp-json\/wp\/v2\/media?parent=479838"}],"wp:term":[{"taxonomy":"category","embeddable":true,"href":"https:\/\/www.europesays.com\/fr\/wp-json\/wp\/v2\/categories?post=479838"},{"taxonomy":"post_tag","embeddable":true,"href":"https:\/\/www.europesays.com\/fr\/wp-json\/wp\/v2\/tags?post=479838"}],"curies":[{"name":"wp","href":"https:\/\/api.w.org\/{rel}","templated":true}]}}