{"id":479844,"date":"2025-10-21T16:06:10","date_gmt":"2025-10-21T16:06:10","guid":{"rendered":"https:\/\/www.europesays.com\/fr\/479844\/"},"modified":"2025-10-21T16:06:10","modified_gmt":"2025-10-21T16:06:10","slug":"franck-pitiot-perceval-donne-enfin-des-explications-sur-son-absence","status":"publish","type":"post","link":"https:\/\/www.europesays.com\/fr\/479844\/","title":{"rendered":"Franck Pitiot (Perceval) donne enfin des explications sur son absence"},"content":{"rendered":"<p>\u00c0 quelques heures de la sortie de Kaamelott\u00a0: Deuxi\u00e8me volet, la tension est \u00e0 son comble chez les fans de la saga. Y sera, y sera pas\u00a0?<strong> L\u2019absence de Perceval<\/strong> et de son interpr\u00e8te <a href=\"https:\/\/www.journaldugeek.com\/2025\/10\/20\/kaamelott-2-plus-de-doute-franck-pitiot-en-a-gros\/\" rel=\"nofollow noopener\" target=\"_blank\">Franck Pitiot<\/a> continue de faire couler beaucoup d\u2019encre. Alors que certains spectateurs croient encore \u00e0 un coup de communication, une mise en sc\u00e8ne pour faire monter la pression avant le retour proph\u00e9tique du Gallois, l\u2019acteur donne sa premi\u00e8re interview en marge de la promotion du film. Interrog\u00e9 par <a href=\"https:\/\/youtu.be\/k6T2NPcr2gs?si=F30iMQSq7V3hLFWN\" rel=\"nofollow noopener\" target=\"_blank\">Geek Magazine<\/a>, il <strong>\u00e9voque pour la premi\u00e8re fois sa d\u00e9cision<\/strong> de ne pas rempiler devant la cam\u00e9ra d\u2019Alexandre Astier. Il aborde aussi son avenir au sein de la franchise.<\/p>\n<p> Il \u00e9tait bien question du sc\u00e9nario <\/p>\n<p>Pitiot confirme ce que son commentaire publi\u00e9 sur Instagram et Facebook laissait penser. C\u2019est bien la mani\u00e8re dont son personnage \u00e9tait \u00e9crit dans la premi\u00e8re version qui pose probl\u00e8me. Il explique en effet ne pas s\u2019\u00eatre reconnu dans l\u2019arc envisag\u00e9 par Astier pour Perceval. \u201cJe suis emmerd\u00e9, j\u2019appelle Alex et je lui dit\u00a0:<strong> \u2018\u00c9coute, je ne me retrouve pas\u2019.<\/strong> Apr\u00e8s, je ne sais pas pourquoi, mais simplement, c\u2019est pour expliquer au genre que je ne peux pas faire semblant.<strong> Je joue pour m\u2019amuser<\/strong> et je ne peux pas jouer un personnage que je ne ressens pas. C\u2019est un ressenti personnel. Je ne parle pas du sc\u00e9nario, mais de mon personnage\u201d.\u00a0<\/p>\n<p>La mani\u00e8re dont Perceval et Karadoc ont \u00e9volu\u00e9, particuli\u00e8rement dans <a href=\"https:\/\/www.journaldugeek.com\/2023\/10\/19\/kaamelott-premier-volet-ce-soir-sur-m6-3-choses-que-vous-ne-saviez-pas\/\" rel=\"nofollow noopener\" target=\"_blank\">Kaamelott\u00a0: Premier volet<\/a>, comptait parmi les reproches adress\u00e9s au premier film de la saga. Rappelons que le sc\u00e9nario de cette suite a d\u00fb \u00eatre revu pour pallier l\u2019absence de Perceval et que ce n\u2019est donc pas la version propos\u00e9e \u00e0 Franck Pitiot qui prendra vie dans quelques heures. Pour rappel, cette premi\u00e8re partie doit plonger les spectateurs pr\u00e8s de<strong> six mois apr\u00e8s les \u00e9v\u00e9nements relat\u00e9s dans KV1.<\/strong><\/p>\n<p>Redevenu roi de Bretagne, Arthur rechigne un peu \u00e0 prendre ses responsabilit\u00e9s avant qu\u2019un \u00e9v\u00e9nement le force \u00e0 reprendre sa qu\u00eate du Graal. <strong>Tout le monde va partir \u00e0 l\u2019aventure<\/strong>, nouveaux et anciens chevaliers de la Table ronde. Mais Perceval n\u2019appara\u00eetra pas \u00e0 l\u2019\u00e9cran. Il devrait \u00eatre mentionn\u00e9 ici et l\u00e0, Alexandre Astier ayant sans doute trouv\u00e9 un subterfuge pour expliquer son absence.<\/p>\n<p> Et Kaamelott 3\u00a0? <\/p>\n<p>\u00c0 la fin de l\u2019entretien, Franck Pitiot mentionne le troisi\u00e8me et dernier volet de la saga Kaamelott. En effet, apr\u00e8s les <a href=\"https:\/\/www.journaldugeek.com\/critique\/critique-kaamelott-2-ca-passe-ou-ca-casse-pour-le-nouveau-film-dalexandre-astier\/\" target=\"_blank\" rel=\"false noopener nofollow\">deux parties de KV2<\/a>, Astier esp\u00e8re offrir une conclusion \u00e0 la hauteur du chemin parcouru. Un point final sans Franck Pitiot\u00a0? Le principal int\u00e9ress\u00e9 n\u2019\u00e9carte pas la possibilit\u00e9 de revenir si son personnage \u00e9volue dans un sens qui lui convient. \u201cJe ne suis pas contre faire le 3, donc pourquoi pas\u00a0?\u201d.<\/p>\n<p>    <a href=\"https:\/\/www.youtube.com\/user\/JournalduGeek?sub_confirmation=1\" target=\"_blank\" rel=\"nofollow noopener\"><br \/>\n        S&rsquo;abonner \u00e0 Journal du Geek<br \/>\n    <\/a> <\/p>\n<blockquote>\n<p class=\"text-base text-neutral-700 dark:text-neutral-300\">\ud83d\udfe3 Pour ne manquer aucune news sur le Journal du Geek, abonnez-vous sur <a href=\"https:\/\/news.google.com\/publications\/CAAqBwgKMNr_hAswwYyCAw?hl=fr&amp;gl=FR&amp;ceid=FR%3Afr\" target=\"_blank\" rel=\"nofollow noopener\">Google Actualit\u00e9s<\/a> et sur <a href=\"https:\/\/whatsapp.com\/channel\/0029VaClM5y4tRry12tb7D2h\" target=\"_blank\" rel=\"nofollow noopener\">notre WhatsApp<\/a>. Et si vous nous adorez, on a <a href=\"https:\/\/www.journaldugeek.com\/newsletter\/\" target=\"_blank\" rel=\"nofollow noopener\">une newsletter tous les matins<\/a>.<\/p>\n<\/blockquote>\n","protected":false},"excerpt":{"rendered":"\u00c0 quelques heures de la sortie de Kaamelott\u00a0: Deuxi\u00e8me volet, la tension est \u00e0 son comble chez les&hellip;\n","protected":false},"author":2,"featured_media":479845,"comment_status":"","ping_status":"","sticky":false,"template":"","format":"standard","meta":{"footnotes":""},"categories":[1359],"tags":[58,59,1011,27,41019,60310,973,43882],"class_list":{"0":"post-479844","1":"post","2":"type-post","3":"status-publish","4":"format-standard","5":"has-post-thumbnail","7":"category-people","8":"tag-divertissement","9":"tag-entertainment","10":"tag-fr","11":"tag-france","12":"tag-kaamelott","13":"tag-kaamelott-2","14":"tag-people","15":"tag-perceval"},"share_on_mastodon":{"url":"https:\/\/pubeurope.com\/@fr\/115413017621769884","error":""},"_links":{"self":[{"href":"https:\/\/www.europesays.com\/fr\/wp-json\/wp\/v2\/posts\/479844","targetHints":{"allow":["GET"]}}],"collection":[{"href":"https:\/\/www.europesays.com\/fr\/wp-json\/wp\/v2\/posts"}],"about":[{"href":"https:\/\/www.europesays.com\/fr\/wp-json\/wp\/v2\/types\/post"}],"author":[{"embeddable":true,"href":"https:\/\/www.europesays.com\/fr\/wp-json\/wp\/v2\/users\/2"}],"replies":[{"embeddable":true,"href":"https:\/\/www.europesays.com\/fr\/wp-json\/wp\/v2\/comments?post=479844"}],"version-history":[{"count":0,"href":"https:\/\/www.europesays.com\/fr\/wp-json\/wp\/v2\/posts\/479844\/revisions"}],"wp:featuredmedia":[{"embeddable":true,"href":"https:\/\/www.europesays.com\/fr\/wp-json\/wp\/v2\/media\/479845"}],"wp:attachment":[{"href":"https:\/\/www.europesays.com\/fr\/wp-json\/wp\/v2\/media?parent=479844"}],"wp:term":[{"taxonomy":"category","embeddable":true,"href":"https:\/\/www.europesays.com\/fr\/wp-json\/wp\/v2\/categories?post=479844"},{"taxonomy":"post_tag","embeddable":true,"href":"https:\/\/www.europesays.com\/fr\/wp-json\/wp\/v2\/tags?post=479844"}],"curies":[{"name":"wp","href":"https:\/\/api.w.org\/{rel}","templated":true}]}}