{"id":479854,"date":"2025-10-21T16:11:12","date_gmt":"2025-10-21T16:11:12","guid":{"rendered":"https:\/\/www.europesays.com\/fr\/479854\/"},"modified":"2025-10-21T16:11:12","modified_gmt":"2025-10-21T16:11:12","slug":"kaamelott-deuxieme-volet-que-vaut-la-suite-qui-sort-ce-mercredi","status":"publish","type":"post","link":"https:\/\/www.europesays.com\/fr\/479854\/","title":{"rendered":"\u00ab\u00a0Kaamelott\u00a0: Deuxi\u00e8me volet\u00a0\u00bb\u00a0: que vaut la suite qui sort ce mercredi ?"},"content":{"rendered":"<p>Perceval manque \u00e0 l&rsquo;appel<\/p>\n<p class=\"text-left ap-StoryElement ap-StoryElement--mb ap-StoryText\">Autant dire que cela part dans tous les sens, avec des r\u00e9f\u00e9rences au monde politique actuel, \u00e0 l&rsquo;\u00e9cologie, \u00e0 MeToo mais aussi aux films d&rsquo;horreur (araign\u00e9e g\u00e9ante, magie noire, \u00e9clairs la nuit\u2026) ou au Seigneur des anneaux (un n\u00e9cromancien, un r\u00e9gicide venu d&rsquo;Orcanie). Le tout agr\u00e9ment\u00e9 d&rsquo;une grosse dose de cynisme et d&rsquo;ironie, marque de fabrique de la saga.<\/p>\n<p class=\"ap-StoryElement ap-StoryElement--mb ap-StoryText\">Le romantisme et la psychologie du premier opus c\u00e8dent le pas \u00e0 l&rsquo;action, Perceval brille par ses\u2026 \u00e9vocations, tandis que Christian Clavier, Alain Chabat, Guillaume Gallienne ou Clovis Cornillac sont, eux, bel et bien de retour pour apporter des touches de sarcasmes ou d&rsquo;absurdit\u00e9. C&rsquo;est souvent dr\u00f4le, mais aussi ponctu\u00e9 de quelques s\u00e9quences dont on ne comprend pas l&rsquo;utilit\u00e9\u2026 tant qu&rsquo;on n&rsquo;a pas vu la seconde partie de ce deuxi\u00e8me volet. C&rsquo;est frustrant de rester sur sa faim.<\/p>\n<p><img loading=\"lazy\" decoding=\"async\" class=\"w-full lazyload lazyload--opacity object-contain\" style=\"aspect-ratio:70 \/ 100;opacity:1\" alt=\"&quot;Kaamelott: Deuxi\u00e8me volet (partie 1)&quot; de et avec Alexandre Astier.\" width=\"768\" height=\"1097\" fetchpriority=\"auto\" src=\"https:\/\/www.europesays.com\/fr\/wp-content\/uploads\/2025\/04\/S5VKD3X55FFF3BW6V4SEHXNP7I.png\"  data- data-optimumx=\"1\"\/> \u00a9BelgaKaamelott, deuxi\u00e8me volet (partie 1)<\/p>\n<p class=\"text-left ap-StoryElement ap-StoryElement--mb ap-StoryText\">Com\u00e9die <b>Sc\u00e9nario, r\u00e9alisation, musique et montage<\/b> Alexandre Astier <b>Photographie<\/b> Jean-Marie Dreujou <b>Avec<\/b> Christian Clavier, Alain Chabat, Guillaume Gallienne, Clovis Cornillac. 2 h 19<\/p>\n","protected":false},"excerpt":{"rendered":"Perceval manque \u00e0 l&rsquo;appel Autant dire que cela part dans tous les sens, avec des r\u00e9f\u00e9rences au monde&hellip;\n","protected":false},"author":2,"featured_media":479855,"comment_status":"","ping_status":"","sticky":false,"template":"","format":"standard","meta":{"footnotes":""},"categories":[1354],"tags":[16223,14989,21259,2080,2203,650,4228,58,59,1346,1011,27,60311,41019,1360,6006],"class_list":{"0":"post-479854","1":"post","2":"type-post","3":"status-publish","4":"format-standard","5":"has-post-thumbnail","7":"category-films","8":"tag-alain-chabat","9":"tag-alexandre-astier","10":"tag-audrey-fleurot","11":"tag-box-office","12":"tag-christian-clavier","13":"tag-cinema","14":"tag-comedie","15":"tag-divertissement","16":"tag-entertainment","17":"tag-films","18":"tag-fr","19":"tag-france","20":"tag-guillaume-gallienne","21":"tag-kaamelott","22":"tag-movies","23":"tag-succes"},"share_on_mastodon":{"url":"https:\/\/pubeurope.com\/@fr\/115413036763921403","error":""},"_links":{"self":[{"href":"https:\/\/www.europesays.com\/fr\/wp-json\/wp\/v2\/posts\/479854","targetHints":{"allow":["GET"]}}],"collection":[{"href":"https:\/\/www.europesays.com\/fr\/wp-json\/wp\/v2\/posts"}],"about":[{"href":"https:\/\/www.europesays.com\/fr\/wp-json\/wp\/v2\/types\/post"}],"author":[{"embeddable":true,"href":"https:\/\/www.europesays.com\/fr\/wp-json\/wp\/v2\/users\/2"}],"replies":[{"embeddable":true,"href":"https:\/\/www.europesays.com\/fr\/wp-json\/wp\/v2\/comments?post=479854"}],"version-history":[{"count":0,"href":"https:\/\/www.europesays.com\/fr\/wp-json\/wp\/v2\/posts\/479854\/revisions"}],"wp:featuredmedia":[{"embeddable":true,"href":"https:\/\/www.europesays.com\/fr\/wp-json\/wp\/v2\/media\/479855"}],"wp:attachment":[{"href":"https:\/\/www.europesays.com\/fr\/wp-json\/wp\/v2\/media?parent=479854"}],"wp:term":[{"taxonomy":"category","embeddable":true,"href":"https:\/\/www.europesays.com\/fr\/wp-json\/wp\/v2\/categories?post=479854"},{"taxonomy":"post_tag","embeddable":true,"href":"https:\/\/www.europesays.com\/fr\/wp-json\/wp\/v2\/tags?post=479854"}],"curies":[{"name":"wp","href":"https:\/\/api.w.org\/{rel}","templated":true}]}}