{"id":479856,"date":"2025-10-21T16:12:12","date_gmt":"2025-10-21T16:12:12","guid":{"rendered":"https:\/\/www.europesays.com\/fr\/479856\/"},"modified":"2025-10-21T16:12:12","modified_gmt":"2025-10-21T16:12:12","slug":"cet-implant-installe-sous-la-retine-qui-pourrait-revolutionner-le-quotidien-de-milliers-de-malades-atteints-de-dmla","status":"publish","type":"post","link":"https:\/\/www.europesays.com\/fr\/479856\/","title":{"rendered":"Cet implant install\u00e9 sous la r\u00e9tine qui pourrait r\u00e9volutionner le quotidien de milliers de malades atteints de DMLA"},"content":{"rendered":"<p>    La d\u00e9g\u00e9n\u00e9rescence maculaire li\u00e9e \u00e0 l\u2019\u00e2ge (DMLA) bouleverse la vie d\u2019environ 1,5 million de Fran\u00e7ais.<br \/>\n                ANDOR BUJDOSO \/ NDABCREATIVITY &#8211; stock.adobe.com<\/p>\n<p>\n    <strong>D\u00c9CRYPTAGE<\/strong> &#8211; Un dispositif sous-r\u00e9tinien d\u00e9velopp\u00e9 en France permet \u00e0 des patients atteints par la forme \u00abs\u00e8che\u00bb de la d\u00e9g\u00e9n\u00e9rescence maculaire li\u00e9e \u00e0 l\u2019\u00e2ge de retrouver une vision centrale fonctionnelle. Un espoir pour une maladie jusqu\u2019ici incurable.<\/p>\n<p class=\"fig-paragraph\">Une tache sombre au centre du regard, des visages qui s\u2019effacent, les lignes d\u2019un livre qui se brouillent. La\u00a0<a href=\"http:\/\/sante.lefigaro.fr\/medecine\/une-piste-de-therapie-genique-pour-guerir-la-degenerescence-maculaire-liee-a-l-age-20240716\" data-fig-type=\"Article\" data-gtm-custom-categorie=\"navigation\" data-gtm-custom-action=\"crossclick\" data-gtm-custom-label=\"Contextuel\" data-gtm-event=\"customEventSPE\" data-fig-domain=\"SANTE\" target=\"_blank\" rel=\"noopener\">d\u00e9g\u00e9n\u00e9rescence maculaire li\u00e9e \u00e0 l\u2019\u00e2ge<\/a>\u00a0(DMLA) bouleverse la vie d\u2019environ 1,5 million de Fran\u00e7ais. Elle d\u00e9truit la macula, cette petite zone de la r\u00e9tine qui permet d\u2019avoir la vision diurne la plus pr\u00e9cise. En 2006, une innovation th\u00e9rapeutique a permis de soigner efficacement la forme n\u00e9ovasculaire, dite \u00ab humide\u00a0\u00bb de la DMLA. Dans sa forme \u00ab s\u00e8che\u00a0\u00bb ou atrophique, qui repr\u00e9sente pr\u00e8s de 50\u00a0% des cas, aucune th\u00e9rapie n\u2019existait jusqu\u2019ici.<\/p>\n<p class=\"fig-paragraph\">Mais un implant sous-r\u00e9tinien d\u00e9velopp\u00e9 par plusieurs \u00e9quipes cliniques fran\u00e7aises et l\u2019Institut de la vision (Inserm, CNRS, Sorbonne Universit\u00e9) en collaboration avec la start-up fran\u00e7aise Pixium Vision pourrait changer la donne. Publi\u00e9e lundi dans le New England Journal of Medicine, une \u00e9tude internationale montre que ce dispositif baptis\u00e9 Prima a permis \u00e0 plus de 80\u00a0% des patients inclus de retrouver une vision centrale fonctionnelle<\/p>\n<p class=\"fig-premium-paywall__infos\">\n        Cet article est r\u00e9serv\u00e9 aux abonn\u00e9s.        Il vous reste 82% \u00e0 d\u00e9couvrir.\n    <\/p>\n<p>                <img  data- alt=\"Le Figaro\" class=\"fig-img--complete fig-img\"\/><\/p>\n<p class=\"fig-premium-paywall__title\">Vous avez envie de lire la suite ?<\/p>\n<p class=\"fig-premium-paywall__subtitle\">D\u00e9bloquez tous les articles imm\u00e9diatement.<\/p>\n<p class=\"fig-premium-paywall__connect\">\n                D\u00e9j\u00e0 abonn\u00e9\u00a0?                <a class=\"fig-premium-paywall__connect-link\" href=\"https:\/\/connect.lefigaro.fr\/login?client=sante_web&amp;type=main&amp;redirect_uri=https%3A%2F%2Fsante.lefigaro.fr%2Fmedecine%2Fcet-implant-installe-sous-la-retine-qui-pourrait-revolutionner-le-quotidien-de-milliers-de-malades-atteints-de-dmla-20251021\" data-js-gtm=\"{&quot;customCategorie&quot;: &quot;conversion&quot;, &quot;customAction&quot;: &quot;before_Landing_Connexion_paywall_auto&quot;, &quot;customLabel&quot;: &quot;c2FudGUubGVmaWdhcm8uZnJfXzFmMGFlNTI2LTU2ZmYtNjFiZS04YjI5LTYxZjM2YTUzMmNhMV9fQXJ0aWNsZQ==_Cet implant install\u00e9 sous la r\u00e9tine qui pourrait r\u00e9volutionner le quotidien de milliers de malades atteints de DMLA_438&quot;, &quot;customIDSPE&quot;: &quot;c2FudGUubGVmaWdhcm8uZnJfXzFmMGFlNTI2LTU2ZmYtNjFiZS04YjI5LTYxZjM2YTUzMmNhMV9fQXJ0aWNsZQ==&quot;, &quot;event&quot;: &quot;customEventSPE&quot;}\" target=\"_blank\" rel=\"noopener\"><br \/>\n                    Connectez-vous<br \/>\n                <\/a>\n            <\/p>\n","protected":false},"excerpt":{"rendered":"La d\u00e9g\u00e9n\u00e9rescence maculaire li\u00e9e \u00e0 l\u2019\u00e2ge (DMLA) bouleverse la vie d\u2019environ 1,5 million de Fran\u00e7ais. ANDOR BUJDOSO \/&hellip;\n","protected":false},"author":2,"featured_media":479857,"comment_status":"","ping_status":"","sticky":false,"template":"","format":"standard","meta":{"footnotes":""},"categories":[10],"tags":[60312,1011,27,72,13510,52299,71],"class_list":{"0":"post-479856","1":"post","2":"type-post","3":"status-publish","4":"format-standard","5":"has-post-thumbnail","7":"category-sante","8":"tag-degenerescence-maculaire-dmla","9":"tag-fr","10":"tag-france","11":"tag-health","12":"tag-implant","13":"tag-ophtalmologie","14":"tag-sante"},"share_on_mastodon":{"url":"https:\/\/pubeurope.com\/@fr\/115413040770922165","error":""},"_links":{"self":[{"href":"https:\/\/www.europesays.com\/fr\/wp-json\/wp\/v2\/posts\/479856","targetHints":{"allow":["GET"]}}],"collection":[{"href":"https:\/\/www.europesays.com\/fr\/wp-json\/wp\/v2\/posts"}],"about":[{"href":"https:\/\/www.europesays.com\/fr\/wp-json\/wp\/v2\/types\/post"}],"author":[{"embeddable":true,"href":"https:\/\/www.europesays.com\/fr\/wp-json\/wp\/v2\/users\/2"}],"replies":[{"embeddable":true,"href":"https:\/\/www.europesays.com\/fr\/wp-json\/wp\/v2\/comments?post=479856"}],"version-history":[{"count":0,"href":"https:\/\/www.europesays.com\/fr\/wp-json\/wp\/v2\/posts\/479856\/revisions"}],"wp:featuredmedia":[{"embeddable":true,"href":"https:\/\/www.europesays.com\/fr\/wp-json\/wp\/v2\/media\/479857"}],"wp:attachment":[{"href":"https:\/\/www.europesays.com\/fr\/wp-json\/wp\/v2\/media?parent=479856"}],"wp:term":[{"taxonomy":"category","embeddable":true,"href":"https:\/\/www.europesays.com\/fr\/wp-json\/wp\/v2\/categories?post=479856"},{"taxonomy":"post_tag","embeddable":true,"href":"https:\/\/www.europesays.com\/fr\/wp-json\/wp\/v2\/tags?post=479856"}],"curies":[{"name":"wp","href":"https:\/\/api.w.org\/{rel}","templated":true}]}}