{"id":47986,"date":"2025-04-24T01:28:23","date_gmt":"2025-04-24T01:28:23","guid":{"rendered":"https:\/\/www.europesays.com\/fr\/47986\/"},"modified":"2025-04-24T01:28:23","modified_gmt":"2025-04-24T01:28:23","slug":"comment-cette-entreprise-sadapte-aux-nouvelles-regles","status":"publish","type":"post","link":"https:\/\/www.europesays.com\/fr\/47986\/","title":{"rendered":"comment cette entreprise s&rsquo;adapte aux nouvelles r\u00e8gles"},"content":{"rendered":"<p>Bien s\u00fbr, le nouveau r\u00e8glement de publicit\u00e9 intercommunal de Saint-\u00c9tienne M\u00e9tropole, valid\u00e9 en 2023, est (beaucoup) plus contraignant que le pr\u00e9c\u00e9dent. Taille des panneaux publicitaires, emplacement, extinction des enseignes lumineuses, etc. Les r\u00e8gles ont \u00e9t\u00e9 fortement durcies afin, selon la M\u00e9tropole, \u00ab d\u2019am\u00e9liorer le cadre de vie des habitants du territoire\u00a0\u00bb.<\/p>\n<p>Alexandre Canetti, le dirigeant de l\u2019entreprise Pro Enseignes, en convient parfaitement\u00a0: comme ses confr\u00e8res, professionnels locaux de l\u2019enseigne, il doit composer avec une diminution drastique des espaces d\u00e9sormais autoris\u00e9s pour l\u2019affichage.<\/p>\n<p>Mise aux normes d&rsquo;ici \u00e0 2028<\/p>\n<p>Mais il y voit aussi des&#8230;<\/p>\n","protected":false},"excerpt":{"rendered":"Bien s\u00fbr, le nouveau r\u00e8glement de publicit\u00e9 intercommunal de Saint-\u00c9tienne M\u00e9tropole, valid\u00e9 en 2023, est (beaucoup) plus contraignant&hellip;\n","protected":false},"author":2,"featured_media":47987,"comment_status":"","ping_status":"","sticky":false,"template":"","format":"standard","meta":{"footnotes":""},"categories":[9653],"tags":[1111,11,2430,12162,33,7539,1777,674,1011,27,693,12161,3367,12,25,4001],"class_list":{"0":"post-47986","1":"post","2":"type-post","3":"status-publish","4":"format-standard","5":"has-post-thumbnail","7":"category-saint-etienne","8":"tag-actu","9":"tag-actualites","10":"tag-auvergne-rhone-alpes","11":"tag-chambon-feugerolles-ville","12":"tag-economie","13":"tag-edition-loire-sud","14":"tag-eu","15":"tag-europe","16":"tag-fr","17":"tag-france","18":"tag-industrie","19":"tag-le-chambon-feugerolles","20":"tag-loire","21":"tag-news","22":"tag-republique-francaise","23":"tag-saint-etienne"},"share_on_mastodon":{"url":"https:\/\/pubeurope.com\/@fr\/114390348854552255","error":""},"_links":{"self":[{"href":"https:\/\/www.europesays.com\/fr\/wp-json\/wp\/v2\/posts\/47986","targetHints":{"allow":["GET"]}}],"collection":[{"href":"https:\/\/www.europesays.com\/fr\/wp-json\/wp\/v2\/posts"}],"about":[{"href":"https:\/\/www.europesays.com\/fr\/wp-json\/wp\/v2\/types\/post"}],"author":[{"embeddable":true,"href":"https:\/\/www.europesays.com\/fr\/wp-json\/wp\/v2\/users\/2"}],"replies":[{"embeddable":true,"href":"https:\/\/www.europesays.com\/fr\/wp-json\/wp\/v2\/comments?post=47986"}],"version-history":[{"count":0,"href":"https:\/\/www.europesays.com\/fr\/wp-json\/wp\/v2\/posts\/47986\/revisions"}],"wp:featuredmedia":[{"embeddable":true,"href":"https:\/\/www.europesays.com\/fr\/wp-json\/wp\/v2\/media\/47987"}],"wp:attachment":[{"href":"https:\/\/www.europesays.com\/fr\/wp-json\/wp\/v2\/media?parent=47986"}],"wp:term":[{"taxonomy":"category","embeddable":true,"href":"https:\/\/www.europesays.com\/fr\/wp-json\/wp\/v2\/categories?post=47986"},{"taxonomy":"post_tag","embeddable":true,"href":"https:\/\/www.europesays.com\/fr\/wp-json\/wp\/v2\/tags?post=47986"}],"curies":[{"name":"wp","href":"https:\/\/api.w.org\/{rel}","templated":true}]}}