{"id":479860,"date":"2025-10-21T16:14:11","date_gmt":"2025-10-21T16:14:11","guid":{"rendered":"https:\/\/www.europesays.com\/fr\/479860\/"},"modified":"2025-10-21T16:14:11","modified_gmt":"2025-10-21T16:14:11","slug":"christine-bravo-fait-denormes-revelations-sur-cecilia-lex-de-nicolas-sarkozy-ridicule-minable-ta-carriere-est-foutue","status":"publish","type":"post","link":"https:\/\/www.europesays.com\/fr\/479860\/","title":{"rendered":"Christine Bravo fait d\u2019\u00e9normes r\u00e9v\u00e9lations sur Cecilia, l\u2019ex de Nicolas Sarkozy : \u00ab\u00a0ridicule, minable, ta carri\u00e8re est foutue\u00a0\u00bb"},"content":{"rendered":"<p>      R\u00e9sum\u00e9<\/p>\n<p>En 2001, Nicolas Sarkozy et Christine Bravo se sont retrouv\u00e9s sur le plateau de Marc-Olivier Fogiel et n&rsquo;ont pu contenir un fou-rire. Une s\u00e9quence m\u00e9morable. Toutefois, \u00e0 l&rsquo;\u00e9poque, C\u00e9cilia Attias n&rsquo;a absolument pas appr\u00e9ci\u00e9 cette s\u00e9quence jusqu&rsquo;\u00e0 faire peur \u00e0 l&rsquo;animatrice de \u00ab\u00a0Frou-Frou\u00a0\u00bb.<\/p>\n<p>        Sommaire<\/p>\n<p>Apr\u00e8s sa condamnation \u00e0 cinq ans de prison, Nicolas Sarkozy a \u00e9t\u00e9 <strong>incarc\u00e9r\u00e9 \u00e0 la prison de la Sant\u00e9<\/strong> \u00e0 Paris pour \u00ab\u00a0association de malfaiteurs\u00a0\u00bb. Dans ce contexte, quelques jours plus t\u00f4t, Christine Bravo est revenue sur <strong>une s\u00e9quence culte<\/strong>. Invit\u00e9e de \u00ab\u00a0Tout beau tout neuf\u00a0\u00bb sur W9, le 16\u00a0octobre, <a href=\"https:\/\/www.public.fr\/mais-cest-quoi-ce-truc-christine-bravo-monte-au-creneau-en-direct-chez-cyril-hanouna\" target=\"_blank\" rel=\"noopener\">l&rsquo;animatrice de 69 ans<\/a> a \u00e9voqu\u00e9 son <strong>fou rire m\u00e9morable <\/strong>avec <a href=\"https:\/\/www.public.fr\/laura-smet-et-anthony-delon-apportent-tout-leur-soutien-a-nicolas-sarkozy\" target=\"_blank\" rel=\"noopener\">celui qui n&rsquo;\u00e9tait pas encore pr\u00e9sident<\/a>. C&rsquo;\u00e9tait <strong>en 2001<\/strong> sur le plateau de l&rsquo;\u00e9mission <strong>\u00ab\u00a0On ne peut pas plaire \u00e0 tout le monde\u00a0\u00bb<\/strong>. \u00c9mission anim\u00e9e par Marc-Olivier Fogiel sur France 3.<\/p>\n<p>Un passage au cours duquel <a href=\"https:\/\/www.public.fr\/nicolas-sarkozy-des-images-de-sa-cellule-devoilees\" target=\"_blank\" rel=\"noopener\">l&rsquo;homme politique<\/a> et <a href=\"https:\/\/www.public.fr\/clash-dans-les-traitres-christine-bravo-et-marlene-schiappa-reglent-leurs-comptes-avec-anne-elisabeth-blateau-elle-a-gache-la-fete\" target=\"_blank\" rel=\"noopener\">l&rsquo;animatrice de \u00ab\u00a0Frou-Frou\u00a0\u00bb<\/a> ne parviennent pas \u00e0 reprendre leur s\u00e9rieux. En cause, <strong>le livre tr\u00e8s cru de Catherine Millet<\/strong> intitul\u00e9 La Vie sexuelle de Catherine M. Alors que cette derni\u00e8re r\u00e9pondait aux questions du journaliste, Christine Bravo s&rsquo;est mise \u00e0 feuilleter son ouvrage et est tomb\u00e9e sur <strong>une phrase \u00ab\u00a0tellement sale\u00a0\u00bb<\/strong>, a-t-elle racont\u00e9 sur le plateau de \u00ab\u00a0C \u00e0 vous\u00a0\u00bb sur France 5. Une <strong>phrase qu&rsquo;elle a d\u00e9cid\u00e9 de partager avec <a href=\"https:\/\/www.public.fr\/nicolas-sarkozy-condamne-ce-celebre-animateur-tv-avec-lequel-il-a-dine-la-veille\" target=\"_blank\" rel=\"noopener\">son voisin<\/a><\/strong> et c&rsquo;est comme \u00e7a que tout a commenc\u00e9.<\/p>\n<p>L&rsquo;ambiance \u00e9tait si bon enfant que <a href=\"https:\/\/www.public.fr\/christine-bravo-naccepte-pas-les-invitations-tele-sans-un-gros-billet\" target=\"_blank\" rel=\"noopener\">l&rsquo;ex candidate des \u00ab\u00a0Tra\u00eetres\u00a0\u00bb<\/a> sur M6 ne pensait pas redescendre si vite. Et pourtant\u2026 La <strong>r\u00e9action de <a href=\"https:\/\/www.public.fr\/nicolas-sarkozy-lincarceration-est-proche-son-ex-au-plus-mal\" target=\"_blank\" rel=\"noopener\">l&rsquo;\u00e9pouse<\/a> de Nicolas Sarkozy<\/strong> l&rsquo;a compl\u00e8tement s\u00e9ch\u00e9. <strong>C\u00e9cilia Sarkozy a litt\u00e9ralement cass\u00e9 l&rsquo;ambiance<\/strong> comme l&rsquo;a expliqu\u00e9 Christine Bravo \u00e0 Val\u00e9rie B\u00e9na\u00efm sur W9.<\/p>\n<p>&#13;<br \/>\n    &#13;\n<\/p>\n<p>Christine Bravo s&rsquo;\u00e9clate avec Nicolas Sarkozy : C\u00e9cilia casse l&rsquo;ambiance<\/p>\n<p>En effet, une fois l&rsquo;enregistrement termin\u00e9, Christine Bravo et Nicolas Sarkozy <strong>ont rejoint les loges ensemble<\/strong>. L&rsquo;ambiance \u00e9tait toujours extr\u00eamement joyeuse. \u201cOn est sortis avec Nicolas Sarkozy, je ne le connaissais pas, je ne l\u2019avais jamais vu. On arrive dans les loges, il \u00e9tait content, il riait encore, <strong>et l\u00e0\u2026<\/strong> <strong><a href=\"https:\/\/www.google.com\/url?sa=t&amp;source=web&amp;rct=j&amp;opi=89978449&amp;url=https:\/\/vsd.fr\/21315-la-nouvelle-vie-de-cecilia\/&amp;ved=2ahUKEwj9oMShqrWQAxVhTaQEHX_8InMQFnoECBYQAQ&amp;usg=AOvVaw12VGGv2LBImurpIf9ynnNl\" target=\"_blank\" rel=\"noopener\">sa femme<\/a>\u00a0!<\/strong>\u201d. Visiblement, cette derni\u00e8re n&rsquo;a absolument pas appr\u00e9ci\u00e9 la s\u00e9quence en question et Christine Bravo n&rsquo;a pas \u00e9t\u00e9 tendre avec elle.<\/p>\n<p>\u201cC\u00e9cilia, c\u2019est <strong>une m\u00e8re tape-dure<\/strong>. <strong>Elle m\u2019a fait peur.<\/strong> On arrive, et elle lui dit\u00a0: \u2018<strong>C\u2019est ridicule, c\u2019est minable, ta carri\u00e8re est foutue<\/strong>\u201d. Compl\u00e8tement scotch\u00e9e par la r\u00e9action de la future Premi\u00e8re dame, <a href=\"https:\/\/www.google.com\/url?sa=t&amp;source=web&amp;rct=j&amp;opi=89978449&amp;url=https:\/\/vsd.fr\/84398-jaurais-du-me-mefier-en-prenant-des-avocats-christine-bravo-evoque-son-amitie-en-dents-de-scie-avec-thierry-ardisson\/&amp;ved=2ahUKEwi_2tyuq7WQAxXwRqQEHfIeGkcQFnoECB0QAQ&amp;usg=AOvVaw1qBv37OQcnDZbgWPI0Bp9a\" target=\"_blank\" rel=\"noopener\">la soci\u00e9taire des \u00ab\u00a0Grosses T\u00eates\u00a0\u00bb<\/a> sur RTL a m\u00eame assur\u00e9\u00a0: \u201c<strong>Elle m\u2019a fait peur, je me suis cach\u00e9e dans ma loge\u00a0!<\/strong> Lui, il a rentr\u00e9 les \u00e9paules, il ne bougeait plus\u201d. Visiblement, Nicolas Sarkozy aurait alors imm\u00e9diatement chang\u00e9 de posture. Habituellement s\u00fbr de lui, il se serait renferm\u00e9. \u201c<strong>Il \u00e9tait tout secou\u00e9<\/strong>, il essayait de se d\u00e9fendre, mais l\u00e0, il avait les mains qui partaient dans tous les sens\u201d, a conclu <a href=\"https:\/\/www.google.com\/url?sa=t&amp;source=web&amp;rct=j&amp;opi=89978449&amp;url=https:\/\/vsd.fr\/65268-ce-jour-est-arrive-christine-bravo-plus-epanouie-que-jamais-avec-romeo-elle-a-realise-son-reve\/&amp;ved=2ahUKEwi_2tyuq7WQAxXwRqQEHfIeGkcQFnoECDwQAQ&amp;usg=AOvVaw0_arelvt4j6mSpIzxizvqs\" target=\"_blank\" rel=\"noopener\">la pr\u00e9sentatrice TV<\/a>.<\/p>\n<p>      Mentionn\u00e9s dans cet article<\/p>\n<p>      Sur le m\u00eame sujet<\/p>\n","protected":false},"excerpt":{"rendered":"R\u00e9sum\u00e9 En 2001, Nicolas Sarkozy et Christine Bravo se sont retrouv\u00e9s sur le plateau de Marc-Olivier Fogiel et&hellip;\n","protected":false},"author":2,"featured_media":479861,"comment_status":"","ping_status":"","sticky":false,"template":"","format":"standard","meta":{"footnotes":""},"categories":[8],"tags":[43707,31049,1193,2392,58,59,1011,27,876,2400,45887,3091,26789],"class_list":{"0":"post-479860","1":"post","2":"type-post","3":"status-publish","4":"format-standard","5":"has-post-thumbnail","7":"category-divertissement","8":"tag-cecilia-sarkozy","9":"tag-christine-bravo","10":"tag-couple","11":"tag-couple-de-stars","12":"tag-divertissement","13":"tag-entertainment","14":"tag-fr","15":"tag-france","16":"tag-france-3","17":"tag-france-televisions","18":"tag-marc-olivier-fogiel","19":"tag-nicolas-sarkozy","20":"tag-rire"},"share_on_mastodon":{"url":"https:\/\/pubeurope.com\/@fr\/115413048970687483","error":""},"_links":{"self":[{"href":"https:\/\/www.europesays.com\/fr\/wp-json\/wp\/v2\/posts\/479860","targetHints":{"allow":["GET"]}}],"collection":[{"href":"https:\/\/www.europesays.com\/fr\/wp-json\/wp\/v2\/posts"}],"about":[{"href":"https:\/\/www.europesays.com\/fr\/wp-json\/wp\/v2\/types\/post"}],"author":[{"embeddable":true,"href":"https:\/\/www.europesays.com\/fr\/wp-json\/wp\/v2\/users\/2"}],"replies":[{"embeddable":true,"href":"https:\/\/www.europesays.com\/fr\/wp-json\/wp\/v2\/comments?post=479860"}],"version-history":[{"count":0,"href":"https:\/\/www.europesays.com\/fr\/wp-json\/wp\/v2\/posts\/479860\/revisions"}],"wp:featuredmedia":[{"embeddable":true,"href":"https:\/\/www.europesays.com\/fr\/wp-json\/wp\/v2\/media\/479861"}],"wp:attachment":[{"href":"https:\/\/www.europesays.com\/fr\/wp-json\/wp\/v2\/media?parent=479860"}],"wp:term":[{"taxonomy":"category","embeddable":true,"href":"https:\/\/www.europesays.com\/fr\/wp-json\/wp\/v2\/categories?post=479860"},{"taxonomy":"post_tag","embeddable":true,"href":"https:\/\/www.europesays.com\/fr\/wp-json\/wp\/v2\/tags?post=479860"}],"curies":[{"name":"wp","href":"https:\/\/api.w.org\/{rel}","templated":true}]}}