{"id":479864,"date":"2025-10-21T16:16:12","date_gmt":"2025-10-21T16:16:12","guid":{"rendered":"https:\/\/www.europesays.com\/fr\/479864\/"},"modified":"2025-10-21T16:16:12","modified_gmt":"2025-10-21T16:16:12","slug":"le-cac-40-bat-son-record-historique","status":"publish","type":"post","link":"https:\/\/www.europesays.com\/fr\/479864\/","title":{"rendered":"Le CAC 40 bat son record historique"},"content":{"rendered":"<p>\n    Stimul\u00e9e par les r\u00e9sultats des entreprises, la Bourse de Paris est \u00e0 la f\u00eate tandis que la France est toujours min\u00e9e par une profonde crise politique et \u00e9touff\u00e9e par une dette abyssale.<\/p>\n<p class=\"fig-paragraph\">C\u2019est \u00e0 n\u2019y rien comprendre\u00a0! La France croule sous une dette abyssale, est secou\u00e9e par la guerre commerciale, point\u00e9e du doigt par les agences de notation et par l\u2019ex\u00e9cutif europ\u00e9en pour son manque de rigueur budg\u00e9taire. Pourtant, la Bourse de Paris caracole. Le CAC 40 a termin\u00e9 la s\u00e9ance \u00e0 8258,86 points ce mardi, sur une hausse de 0,64%. Il a ainsi battu son pr\u00e9c\u00e9dent pic historique en cl\u00f4ture\u00a0: 8239,99 points, atteint le 15 mai 2024, juste avant la dissolution de l\u2019Assembl\u00e9e nationale par Emmanuel Macron, qui a tant nui \u00e0 l\u2019image de la France. En d\u00e9passant les 8271 points en s\u00e9ance, il a \u00e9galement battu son pr\u00e9c\u00e9dent record absolu, touch\u00e9 le 10 mai 2024 \u00e0 8259,19 points.<\/p>\n<p class=\"fig-paragraph\">La bonne humeur du CAC 40 tranche singuli\u00e8rement avec la situation tendue de la France, illustr\u00e9e vendredi encore par<a href=\"http:\/\/www.lefigaro.fr\/conjoncture\/dette-s-p-degrade-a-son-tour-la-france-et-sanctionne-sans-attendre-la-derive-des-finances-publiques-20251018\" data-fig-type=\"NewsFlash\" data-gtm-custom-categorie=\"navigation\" data-gtm-custom-action=\"crossclick\" data-gtm-custom-label=\"Contextuel\" data-gtm-event=\"customEventSPE\" data-fig-domain=\"LEFIGARO\" target=\"_blank\" rel=\"noopener\">\u00a0la d\u00e9gradation de la note de la dette souveraine du pays par Standard &amp; Poor\u2019s<\/a>. La r\u00e9cente d\u00e9cision du gouvernement de \u00ab\u00a0suspendre l\u2019embl\u00e9matique r\u00e9forme des retraites, initialement adopt\u00e9e\u2026<\/p>\n<p class=\"fig-premium-paywall__infos\">\n        Cet article est r\u00e9serv\u00e9 aux abonn\u00e9s.        Il vous reste 87% \u00e0 d\u00e9couvrir.\n    <\/p>\n<p>                <img  data- alt=\"Le Figaro\" class=\"fig-img--complete fig-img\"\/><\/p>\n<p class=\"fig-premium-paywall__title\">Vous avez envie de lire la suite ?<\/p>\n<p class=\"fig-premium-paywall__subtitle\">D\u00e9bloquez tous les articles imm\u00e9diatement.<\/p>\n<p class=\"fig-premium-paywall__connect\">\n                D\u00e9j\u00e0 abonn\u00e9\u00a0?                <a class=\"fig-premium-paywall__connect-link\" href=\"https:\/\/connect.lefigaro.fr\/login?client=horizon_web&amp;type=main&amp;redirect_uri=https%3A%2F%2Fwww.lefigaro.fr%2Fsocietes%2Fle-cac-40-se-hisse-a-plus-de-8-240-points-et-bat-son-record-historique-en-cloture-20251021\" data-js-gtm=\"{&quot;customCategorie&quot;: &quot;conversion&quot;, &quot;customAction&quot;: &quot;before_Landing_Connexion_paywall_auto&quot;, &quot;customLabel&quot;: &quot;bGVmaWdhcm8uZnJfXzFmMGFlNTIzLWU2YjQtNjYyMi1hM2UwLTA3NzYyMWYwZDllN19fTmV3c0ZsYXNo_Le CAC 40 bat son record historique_307&quot;, &quot;customIDSPE&quot;: &quot;bGVmaWdhcm8uZnJfXzFmMGFlNTIzLWU2YjQtNjYyMi1hM2UwLTA3NzYyMWYwZDllN19fTmV3c0ZsYXNo&quot;, &quot;event&quot;: &quot;customEventSPE&quot;}\" target=\"_blank\" rel=\"noopener\"><br \/>\n                    Connectez-vous<br \/>\n                <\/a>\n            <\/p>\n","protected":false},"excerpt":{"rendered":"Stimul\u00e9e par les r\u00e9sultats des entreprises, la Bourse de Paris est \u00e0 la f\u00eate tandis que la France&hellip;\n","protected":false},"author":2,"featured_media":479865,"comment_status":"","ping_status":"","sticky":false,"template":"","format":"standard","meta":{"footnotes":""},"categories":[6],"tags":[35,343,33,34,1011,27,1074],"class_list":{"0":"post-479864","1":"post","2":"type-post","3":"status-publish","4":"format-standard","5":"has-post-thumbnail","7":"category-economie","8":"tag-business","9":"tag-cac-40","10":"tag-economie","11":"tag-economy","12":"tag-fr","13":"tag-france","14":"tag-guerre-commerciale"},"share_on_mastodon":{"url":"https:\/\/pubeurope.com\/@fr\/115413056565748982","error":""},"_links":{"self":[{"href":"https:\/\/www.europesays.com\/fr\/wp-json\/wp\/v2\/posts\/479864","targetHints":{"allow":["GET"]}}],"collection":[{"href":"https:\/\/www.europesays.com\/fr\/wp-json\/wp\/v2\/posts"}],"about":[{"href":"https:\/\/www.europesays.com\/fr\/wp-json\/wp\/v2\/types\/post"}],"author":[{"embeddable":true,"href":"https:\/\/www.europesays.com\/fr\/wp-json\/wp\/v2\/users\/2"}],"replies":[{"embeddable":true,"href":"https:\/\/www.europesays.com\/fr\/wp-json\/wp\/v2\/comments?post=479864"}],"version-history":[{"count":0,"href":"https:\/\/www.europesays.com\/fr\/wp-json\/wp\/v2\/posts\/479864\/revisions"}],"wp:featuredmedia":[{"embeddable":true,"href":"https:\/\/www.europesays.com\/fr\/wp-json\/wp\/v2\/media\/479865"}],"wp:attachment":[{"href":"https:\/\/www.europesays.com\/fr\/wp-json\/wp\/v2\/media?parent=479864"}],"wp:term":[{"taxonomy":"category","embeddable":true,"href":"https:\/\/www.europesays.com\/fr\/wp-json\/wp\/v2\/categories?post=479864"},{"taxonomy":"post_tag","embeddable":true,"href":"https:\/\/www.europesays.com\/fr\/wp-json\/wp\/v2\/tags?post=479864"}],"curies":[{"name":"wp","href":"https:\/\/api.w.org\/{rel}","templated":true}]}}