{"id":479870,"date":"2025-10-21T16:19:11","date_gmt":"2025-10-21T16:19:11","guid":{"rendered":"https:\/\/www.europesays.com\/fr\/479870\/"},"modified":"2025-10-21T16:19:11","modified_gmt":"2025-10-21T16:19:11","slug":"direct-proces-de-dahbia-benkired-je-voulais-lui-faire-du-mal-a-lui-pas-a-la-petite-lola-confie-laccusee-a-propos-de-son-ex","status":"publish","type":"post","link":"https:\/\/www.europesays.com\/fr\/479870\/","title":{"rendered":"DIRECT &#8211; Proc\u00e8s de Dahbia Benkired : \u00ab\u00a0Je voulais lui faire du mal \u00e0 lui, pas \u00e0 la petite Lola\u00a0\u00bb, confie l&rsquo;accus\u00e9e \u00e0 propos de son ex"},"content":{"rendered":"<p>Pourquoi alors que selon elle, elle en voulait \u00e0 son ex ce 14 octobre suite aux s\u00e9ries de SMS qu&rsquo;ils ont \u00e9chang\u00e9 notamment, elle s&rsquo;en est pris \u00e0 Lola Daviet.\u00a0<\/p>\n<p>\u00ab\u00a0La premi\u00e8re personne que j&rsquo;ai crois\u00e9e en sortant (de la r\u00e9sidence rue Manin dans le 19e arrondissement) c&rsquo;\u00e9tait elle (Lola)\u00a0\u00bb, d\u00e9clare Dahbia Benkired.\u00a0<\/p>\n<p>\u00ab\u00a0Je suis pas s\u00fbre Mme Benkired, je pense que vous avez crois\u00e9e d&rsquo;autre personne avant elle, mais pas des enfants\u00a0\u00bb, note le pr\u00e9sident.\u00a0<\/p>\n<p>\u00ab\u00a0Oui j&rsquo;ai crois\u00e9 une dame avec une poussette. Mais Lola \u00e9tait beaucoup plus faite pour moi\u00a0\u00bb, commente l&rsquo;accus\u00e9e.\u00a0<\/p>\n<p>\u00ab\u00a0Vous nous dites <a href=\"https:\/\/www.tf1info.fr\/justice-faits-divers\/proces-du-meurtre-de-lola-paris-2022-selon-dahbia-benkired-l-un-de-ses-ex-est-en-partie-responsable-du-crime-2401878.html\" target=\"_blank\" rel=\"noopener\">maintenant que c&rsquo;est pas Fatah A. (entendu ce matin),<\/a> qui a cr\u00e9\u00e9 tout \u00e7a mais que c&rsquo;est \u00e0 cause de la relation toxique, des messages avec lui le 14, que vous avez fait \u00e7a\u00a0\u00bb, reprend le pr\u00e9sident.\u00a0<\/p>\n<p>\u00ab\u00a0Et de ce qu&rsquo;il me faisait subir, ajoute l&rsquo;accus\u00e9e. \u00ab\u00a0Il me demandait de prendre une douche, il me demandait des fellations \u00e0 en vomir\u00a0\u00bb, d\u00e9crit-elle.\u00a0<\/p>\n<p>\u00ab\u00a0Pourquoi vous y retourniez\u00a0\u00bb, s&rsquo;\u00e9tonne le magistrat.\u00a0<\/p>\n<p>\u00ab\u00a0Parce que je l&rsquo;aime\u00a0\u00bb, r\u00e9pond l&rsquo;accus\u00e9e.<\/p>\n<p>\u00ab\u00a0Vous l&rsquo;aimez tellement que vous vouliez le tuer\u00a0\u00bb, demande le pr\u00e9sident.\u00a0<\/p>\n<p>\u00ab\u00a0Pas le tuer, mais lui faire du mal\u00a0\u00bb, commente l&rsquo;accus\u00e9e.\u00a0<\/p>\n<p>\u00ab\u00a0Quand vous sortez de la r\u00e9sidence, vous partez pour lui faire du mal?\u00a0\u00bb, relance le magistrat.\u00a0<\/p>\n<p>\u00ab\u00a0On va pas dire que j&rsquo;\u00e9tais dans mon \u00e9tat normal\u00a0\u00bb, rel\u00e8ve l&rsquo;accus\u00e9e.\u00a0<\/p>\n<p>\u00ab\u00a0Les insultes dans les messages vous blessent&#8230;\u00a0\u00bb, poursuit le pr\u00e9sident.\u00a0<\/p>\n<p>\u00ab\u00a0Oui, \u00e7a me met en col\u00e8re, tr\u00e8s en col\u00e8re\u00a0\u00bb, confirme l&rsquo;accus\u00e9e dans le box.\u00a0<\/p>\n<p>\u00ab\u00a0Vous nous dites cet apr\u00e8s-midi qu&rsquo;il est responsable de ce que vous avez fait \u00e0 Lola?\u00a0\u00bb, r\u00e9sume le pr\u00e9sident.\u00a0<\/p>\n<p>\u00ab\u00a0Oui\u00a0\u00bb, r\u00e9pond l&rsquo;accus\u00e9e.\u00a0<\/p>\n<p>Puis elle ajoute : \u00ab\u00a0Je me sens beaucoup plus en s\u00e9curit\u00e9 en prison que lorsque que j&rsquo;\u00e9tais avec lui\u00a0\u00bb.\u00a0<\/p>\n","protected":false},"excerpt":{"rendered":"Pourquoi alors que selon elle, elle en voulait \u00e0 son ex ce 14 octobre suite aux s\u00e9ries de&hellip;\n","protected":false},"author":2,"featured_media":479871,"comment_status":"","ping_status":"","sticky":false,"template":"","format":"standard","meta":{"footnotes":""},"categories":[2],"tags":[60313,60314,1111,11,1921,6017,1011,27,1922,303,2954,777,52922,12,133,2953],"class_list":{"0":"post-479870","1":"post","2":"type-post","3":"status-publish","4":"format-standard","5":"has-post-thumbnail","7":"category-actualites","8":"tag-12-ans","9":"tag-a-paris-lheure-du-proces-pour-laccusee","10":"tag-actu","11":"tag-actualites","12":"tag-article-video","13":"tag-fait-divers","14":"tag-fr","15":"tag-france","16":"tag-info","17":"tag-justice","18":"tag-justice-et-faits-divers","19":"tag-meurtre","20":"tag-meurtre-de-lola","21":"tag-news","22":"tag-video","23":"tag-video-police"},"share_on_mastodon":{"url":"https:\/\/pubeurope.com\/@fr\/115413068309915204","error":""},"_links":{"self":[{"href":"https:\/\/www.europesays.com\/fr\/wp-json\/wp\/v2\/posts\/479870","targetHints":{"allow":["GET"]}}],"collection":[{"href":"https:\/\/www.europesays.com\/fr\/wp-json\/wp\/v2\/posts"}],"about":[{"href":"https:\/\/www.europesays.com\/fr\/wp-json\/wp\/v2\/types\/post"}],"author":[{"embeddable":true,"href":"https:\/\/www.europesays.com\/fr\/wp-json\/wp\/v2\/users\/2"}],"replies":[{"embeddable":true,"href":"https:\/\/www.europesays.com\/fr\/wp-json\/wp\/v2\/comments?post=479870"}],"version-history":[{"count":0,"href":"https:\/\/www.europesays.com\/fr\/wp-json\/wp\/v2\/posts\/479870\/revisions"}],"wp:featuredmedia":[{"embeddable":true,"href":"https:\/\/www.europesays.com\/fr\/wp-json\/wp\/v2\/media\/479871"}],"wp:attachment":[{"href":"https:\/\/www.europesays.com\/fr\/wp-json\/wp\/v2\/media?parent=479870"}],"wp:term":[{"taxonomy":"category","embeddable":true,"href":"https:\/\/www.europesays.com\/fr\/wp-json\/wp\/v2\/categories?post=479870"},{"taxonomy":"post_tag","embeddable":true,"href":"https:\/\/www.europesays.com\/fr\/wp-json\/wp\/v2\/tags?post=479870"}],"curies":[{"name":"wp","href":"https:\/\/api.w.org\/{rel}","templated":true}]}}