{"id":479874,"date":"2025-10-21T16:21:12","date_gmt":"2025-10-21T16:21:12","guid":{"rendered":"https:\/\/www.europesays.com\/fr\/479874\/"},"modified":"2025-10-21T16:21:12","modified_gmt":"2025-10-21T16:21:12","slug":"saint-etienne-une-epreuve-du-concours-dinternat-de-medecine-annulee-ce-lundi-des-etudiants-en-pleurs","status":"publish","type":"post","link":"https:\/\/www.europesays.com\/fr\/479874\/","title":{"rendered":"Saint-\u00c9tienne. Une \u00e9preuve du concours d\u2019internat de m\u00e9decine annul\u00e9e ce lundi, des \u00e9tudiants \u00ab\u00a0en pleurs\u00a0\u00bb"},"content":{"rendered":"<p>\u00ab\u00a0C\u2019est scandaleux.\u00a0\u00bb Si Camille (1) avait une note \u00e0 distribuer au CNG, l&rsquo;\u00e9tablissement public administratif qui organise le concours de l\u2019internat, ce serait un z\u00e9ro point\u00e9.<\/p>\n<p>Alors qu\u2019elle composait, \u00e0 la facult\u00e9 de m\u00e9decine de Saint-\u00c9tienne, comme des milliers d\u2019autres \u00e9tudiants en sixi\u00e8me ann\u00e9e de m\u00e9decine, sur la premi\u00e8re \u00e9preuve de son concours, cette St\u00e9phanoise a \u00e9t\u00e9 pr\u00e9venue au bout de 2\u00a0h\u00a030 sur les 3 heures pr\u00e9vues, que l\u2019examen \u00e9tait annul\u00e9.<\/p>\n<p>Le d\u00e9clenchement d&rsquo;une alarme incendie \u00e0&#8230; Lyon en cause ?<\/p>\n<p>\u00ab\u00a0Je me relisais.\u00a0On nous a dit que pour une question d\u2019\u00e9quit\u00e9 de traitement, l\u2019\u00e9preuve serait report\u00e9e. On ne nous a pas donn\u00e9 plus d\u2019explications.\u00a0\u00bb<\/p>\n<p>En cause, \u00ab\u00a0le d\u00e9clenchement d\u2019une alarme incendie \u00e0 la fac de Lyon Sud\u00a0\u00bb, croit savoir la jeune fille qui s\u2019est plong\u00e9e dans les r\u00e9seaux sociaux pour chercher une raison \u00e0 ce report. \u00ab\u00a0Les r\u00e9seaux sociaux faisaient \u00e9galement allusion \u00e0 des probl\u00e8mes de tablettes, de connexion au wifi, et de triche d\u2019un \u00e9l\u00e8ve.\u00a0\u00bb<\/p>\n<p>Le matin m\u00eame, les \u00e9tudiants st\u00e9phanois avaient \u00e9t\u00e9 convoqu\u00e9s, \u00e0 11 heures, pour v\u00e9rifier que les connexions fonctionnaient correctement. \u00ab\u00a0Nous sommes 12\u00a0000 en France, en Martinique et en Guadeloupe, \u00e0 passer ces \u00e9preuves en m\u00eame temps et donc \u00e0 se connecter sur la m\u00eame plateforme.\u00a0\u00bb<\/p>\n<p>\u00ab Le concours le plus important \u00bb<\/p>\n<p>Au bout de vingt minutes, le test se r\u00e9v\u00e8le concluant \u00e0 Saint-\u00c9tienne. \u00ab\u00a0Tout allait bien.\u00a0\u00bb L\u2019apr\u00e8s-midi, les \u00e9tudiants se pr\u00e9sentent \u00e0 14 heures pour plancher, \u00e0 15 heures, sur leur sujet.\u00a0Dix minutes plus t\u00f4t, un bug a lieu. \u00ab\u00a0Ils nous expliquent qu\u2019ils doivent r\u00e9initialiser la plateforme.\u00a0\u00bb<\/p>\n<p>L\u2019examen ne commence alors qu\u2019\u00e0 16\u00a0h\u00a020. \u00ab\u00a0Nous avons d\u00fb patienter deux heures et demie sur nos chaises\u00a0\u00bb, raconte Camille qui ne d\u00e9col\u00e8re pas. De quoi un peu plus stresser ces \u00e9tudiants qui ont r\u00e9vis\u00e9 dur pendant des mois et pour qui ce concours d\u00e9termine la sp\u00e9cialit\u00e9 dans laquelle ils exerceront des ann\u00e9es durant.<\/p>\n<p>\u00ab\u00a0C\u2019est le concours le plus important pour nous. On a v\u00e9cu, lundi, de vraies montagnes russes. Beaucoup en ont pleur\u00e9.\u00a0\u00bb Camille et ses camarades de fac plancheront \u00e0 nouveau, d\u00e8s mercredi apr\u00e8s-midi jusqu\u2019\u00e0 vendredi. Enfin, s\u2019il n\u2019y a pas de nouveau bug d\u2019ici l\u00e0.<\/p>\n<p class=\"note\">(1) Pr\u00e9nom d\u2019emprunt<\/p>\n","protected":false},"excerpt":{"rendered":"\u00ab\u00a0C\u2019est scandaleux.\u00a0\u00bb Si Camille (1) avait une note \u00e0 distribuer au CNG, l&rsquo;\u00e9tablissement public administratif qui organise le&hellip;\n","protected":false},"author":2,"featured_media":479875,"comment_status":"","ping_status":"","sticky":false,"template":"","format":"standard","meta":{"footnotes":""},"categories":[9653],"tags":[1111,11,2430,7539,1057,1777,674,274,107,1011,27,3367,12,25,4001,7538,71],"class_list":{"0":"post-479874","1":"post","2":"type-post","3":"status-publish","4":"format-standard","5":"has-post-thumbnail","7":"category-saint-etienne","8":"tag-actu","9":"tag-actualites","10":"tag-auvergne-rhone-alpes","11":"tag-edition-loire-sud","12":"tag-education","13":"tag-eu","14":"tag-europe","15":"tag-faits-divers-justice","16":"tag-fil-info","17":"tag-fr","18":"tag-france","19":"tag-loire","20":"tag-news","21":"tag-republique-francaise","22":"tag-saint-etienne","23":"tag-saint-etienne-ville","24":"tag-sante"},"share_on_mastodon":{"url":"https:\/\/pubeurope.com\/@fr\/115413076204657918","error":""},"_links":{"self":[{"href":"https:\/\/www.europesays.com\/fr\/wp-json\/wp\/v2\/posts\/479874","targetHints":{"allow":["GET"]}}],"collection":[{"href":"https:\/\/www.europesays.com\/fr\/wp-json\/wp\/v2\/posts"}],"about":[{"href":"https:\/\/www.europesays.com\/fr\/wp-json\/wp\/v2\/types\/post"}],"author":[{"embeddable":true,"href":"https:\/\/www.europesays.com\/fr\/wp-json\/wp\/v2\/users\/2"}],"replies":[{"embeddable":true,"href":"https:\/\/www.europesays.com\/fr\/wp-json\/wp\/v2\/comments?post=479874"}],"version-history":[{"count":0,"href":"https:\/\/www.europesays.com\/fr\/wp-json\/wp\/v2\/posts\/479874\/revisions"}],"wp:featuredmedia":[{"embeddable":true,"href":"https:\/\/www.europesays.com\/fr\/wp-json\/wp\/v2\/media\/479875"}],"wp:attachment":[{"href":"https:\/\/www.europesays.com\/fr\/wp-json\/wp\/v2\/media?parent=479874"}],"wp:term":[{"taxonomy":"category","embeddable":true,"href":"https:\/\/www.europesays.com\/fr\/wp-json\/wp\/v2\/categories?post=479874"},{"taxonomy":"post_tag","embeddable":true,"href":"https:\/\/www.europesays.com\/fr\/wp-json\/wp\/v2\/tags?post=479874"}],"curies":[{"name":"wp","href":"https:\/\/api.w.org\/{rel}","templated":true}]}}