{"id":479876,"date":"2025-10-21T16:22:09","date_gmt":"2025-10-21T16:22:09","guid":{"rendered":"https:\/\/www.europesays.com\/fr\/479876\/"},"modified":"2025-10-21T16:22:09","modified_gmt":"2025-10-21T16:22:09","slug":"nancy-face-aux-voitures-ventouses-le-parking-de-ce-supermarche-auchan-va-etre-equipe-de-barrieres","status":"publish","type":"post","link":"https:\/\/www.europesays.com\/fr\/479876\/","title":{"rendered":"Nancy. Face aux voitures ventouses, le parking de ce supermarch\u00e9 Auchan va \u00eatre \u00e9quip\u00e9 de barri\u00e8res"},"content":{"rendered":"<p>            Par<br \/>\n        <strong><br \/>\n            <a href=\"https:\/\/actu.fr\/auteur\/pierre-emile-bouchy-actu-fr\" title=\"Consulter tous les articles de Paul-Emile Bouchy\" target=\"_blank\" rel=\"noopener\">Paul-Emile Bouchy<\/a><br \/>\n        <\/strong><\/p>\n<p>        Publi\u00e9 le<\/p>\n<p>            21 oct. 2025 \u00e0 18h17        <\/p>\n<p>Se <a href=\"https:\/\/actu.fr\/grand-est\/nancy_54395\/carte-ou-se-garer-gratuitement-a-nancy_59648319.html\" target=\"_blank\" rel=\"noopener\">garer gratuitement<\/a> et assez proche du centre-ville n\u2019est pas chose ais\u00e9e \u00e0 <a href=\"https:\/\/actu.fr\/grand-est\/nancy_54395\" target=\"_blank\" rel=\"noopener\">Nancy<\/a> (Meurthe-et-Moselle). Les parkings en acc\u00e8s libre sont donc <strong>pris d\u2019assaut par les salari\u00e9s qui viennent quotidiennement travailler<\/strong> et sont satur\u00e9s pour les clients \u00e0 qui ils sont destin\u00e9s.<\/p>\n<p class=\" wall-content\">\u00c0 l\u2019image du complexe <a href=\"https:\/\/actu.fr\/grand-est\/nancy_54395\/nancy-le-parking-du-cinema-kinepolis-va-bientot-devenir-payant-on-vous-explique-pourquoi_60136391.html\" target=\"_blank\" rel=\"noopener\">Kinepolis qui a install\u00e9 des barri\u00e8res sur son parking fin 2023<\/a>, <strong>le supermarch\u00e9 Auchan Lobau va prendre la m\u00eame d\u00e9cision<\/strong> pour permettre \u00e0 ses clients de stationner plus facilement.<\/p>\n<p>Les barri\u00e8res en service \u00e0 partir du 10\u00a0novembre 2025<\/p>\n<p class=\" wall-content\">Interrog\u00e9e en octobre\u00a02023, la direction de ce supermarch\u00e9 <a href=\"https:\/\/actu.fr\/tag\/auchan\" target=\"_blank\" rel=\"noopener\">Auchan<\/a> avait d\u00e9j\u00e0 \u00e9mis <a href=\"https:\/\/actu.fr\/grand-est\/nancy_54395\/nancy-pourquoi-le-directeur-d-auchan-lobau-veut-installer-des-barrieres-sur-le-parking_60197444.html\" target=\"_blank\" rel=\"noopener\">la volont\u00e9 d\u2019installer des barri\u00e8res sur son parking<\/a>. Deux ans plus tard, le constat est toujours le m\u00eame.<\/p>\n<p class=\" wall-content\">\u00ab\u2009On est sursatur\u00e9 et <strong>certains de nos clients ne peuvent pas se garer<\/strong> pour venir faire leurs courses, explique Charl\u00e8ne Malinowski, directrice du magasin. Pour rappeler que le parking \u00e9tait r\u00e9serv\u00e9 \u00e0 la client\u00e8le, on a mis des flyers sur les pare-brises. \u00c7a nous a aussi permis de voir, quand le flyer \u00e9tait toujours l\u00e0, les voitures qui restaient gar\u00e9es plusieurs jours de suite.\u2009\u00bb<\/p>\n<p class=\" wall-content\">Pour \u00e9viter ces voitures ventouses, <strong>des barri\u00e8res vont \u00eatre install\u00e9es \u00e0 l\u2019entr\u00e9e et \u00e0 la sortie du parking<\/strong>. Elles seront <strong>mises en service le lundi 10\u00a0novembre<\/strong>.<\/p>\n<p>1h30 de stationnement gratuit pour les clients de la galerie Auchan<\/p>\n<p class=\" wall-content\">Gr\u00e2ce \u00e0 la lecture automatique des plaques d\u2019immatriculation \u00e0 l\u2019entr\u00e9e, le syst\u00e8me permettra de calculer le temps de stationnement de chaque v\u00e9hicule. \u00ab<strong>\u2009Les clients auront droit \u00e0 1h30 de stationnement gratuit<\/strong>. Pour ceux qui vont chez le coiffeur, au restaurant italien ou au laboratoire, un dispositif leur permettra de b\u00e9n\u00e9ficier de <strong>2h30<\/strong>\u2009\u00bb, indique la directrice.<\/p>\n<p>Votre r\u00e9gion, votre actu !<\/p>\n<p>Recevez chaque jour les infos qui comptent pour vous.<\/p>\n<p>\t<a href=\"https:\/\/actu.fr\/newsletter\" class=\"ac-btn ac-btn--corner ac-btn--medium ac-btn--blue800\" target=\"_blank\" rel=\"noopener\">S&rsquo;incrire<\/a><\/p>\n<p class=\" wall-content\">Si le temps de gratuit\u00e9 est d\u00e9pass\u00e9, les automobilistes paieront les minutes suppl\u00e9mentaires.<\/p>\n<p class=\" wall-content\">G\u00e9r\u00e9 par Yespark, ce parking proposera aussi <strong>des places r\u00e9serv\u00e9es \u00e0 l\u2019abonnement<\/strong>, ce qui permettra toujours d\u2019offrir une solution pour les salari\u00e9s pendulaires. La grille tarifaire sera d\u00e9voil\u00e9e prochainement.<\/p>\n<p class=\" wall-content\">Personnalisez votre actualit\u00e9 en ajoutant vos villes et m\u00e9dias en favori avec <a href=\"https:\/\/moncompte.actu.fr\" title=\"D\u00e9couvez Mon Actu\" rel=\"nofollow noopener\" data-trk=\"{&quot;cta&quot;:{&quot;action&quot;:&quot;https:\\\/\\\/moncompte.actu.fr&quot;,&quot;category&quot;:&quot;mon compte&quot;,&quot;from&quot;:&quot;article footer&quot;,&quot;name&quot;:&quot;Mon actu&quot;,&quot;type&quot;:&quot;cta&quot;}}\" target=\"_blank\">Mon Actu<\/a>.<\/p>\n","protected":false},"excerpt":{"rendered":"Par Paul-Emile Bouchy Publi\u00e9 le 21 oct. 2025 \u00e0 18h17 Se garer gratuitement et assez proche du centre-ville&hellip;\n","protected":false},"author":2,"featured_media":479877,"comment_status":"","ping_status":"","sticky":false,"template":"","format":"standard","meta":{"footnotes":""},"categories":[9635],"tags":[1111,11,14474,215,1777,674,1011,27,775,1702,12,25,104,6173],"class_list":{"0":"post-479876","1":"post","2":"type-post","3":"status-publish","4":"format-standard","5":"has-post-thumbnail","7":"category-nancy","8":"tag-actu","9":"tag-actualites","10":"tag-auchan","11":"tag-commerce","12":"tag-eu","13":"tag-europe","14":"tag-fr","15":"tag-france","16":"tag-grand-est","17":"tag-nancy","18":"tag-news","19":"tag-republique-francaise","20":"tag-societe","21":"tag-stationnement"},"share_on_mastodon":{"url":"https:\/\/pubeurope.com\/@fr\/115413080013255710","error":""},"_links":{"self":[{"href":"https:\/\/www.europesays.com\/fr\/wp-json\/wp\/v2\/posts\/479876","targetHints":{"allow":["GET"]}}],"collection":[{"href":"https:\/\/www.europesays.com\/fr\/wp-json\/wp\/v2\/posts"}],"about":[{"href":"https:\/\/www.europesays.com\/fr\/wp-json\/wp\/v2\/types\/post"}],"author":[{"embeddable":true,"href":"https:\/\/www.europesays.com\/fr\/wp-json\/wp\/v2\/users\/2"}],"replies":[{"embeddable":true,"href":"https:\/\/www.europesays.com\/fr\/wp-json\/wp\/v2\/comments?post=479876"}],"version-history":[{"count":0,"href":"https:\/\/www.europesays.com\/fr\/wp-json\/wp\/v2\/posts\/479876\/revisions"}],"wp:featuredmedia":[{"embeddable":true,"href":"https:\/\/www.europesays.com\/fr\/wp-json\/wp\/v2\/media\/479877"}],"wp:attachment":[{"href":"https:\/\/www.europesays.com\/fr\/wp-json\/wp\/v2\/media?parent=479876"}],"wp:term":[{"taxonomy":"category","embeddable":true,"href":"https:\/\/www.europesays.com\/fr\/wp-json\/wp\/v2\/categories?post=479876"},{"taxonomy":"post_tag","embeddable":true,"href":"https:\/\/www.europesays.com\/fr\/wp-json\/wp\/v2\/tags?post=479876"}],"curies":[{"name":"wp","href":"https:\/\/api.w.org\/{rel}","templated":true}]}}