{"id":47988,"date":"2025-04-24T01:29:15","date_gmt":"2025-04-24T01:29:15","guid":{"rendered":"https:\/\/www.europesays.com\/fr\/47988\/"},"modified":"2025-04-24T01:29:15","modified_gmt":"2025-04-24T01:29:15","slug":"asse-ol-la-commission-de-discipline-de-la-lfp-rendra-sa-decision-le-7-mai-sur-les-incidents","status":"publish","type":"post","link":"https:\/\/www.europesays.com\/fr\/47988\/","title":{"rendered":"ASSE-OL. La commission de discipline de la LFP rendra sa d\u00e9cision le 7\u00a0mai sur les incidents ."},"content":{"rendered":"<p>La commission de discipline de la Ligue du football professionnel se prononcera le 7\u00a0mai sur d\u2019\u00e9ventuelles sanctions apr\u00e8s l\u2019interruption du match entre Saint-Etienne et Lyon \u00e0 la suite du jet d\u2019une pi\u00e8ce sur un arbitre, a annonc\u00e9 la LFP ce mercredi 23\u00a0avril.<\/p>\n<p>Un \u00ab\u00a0risque de r\u00e9it\u00e9ration\u00a0\u00bb selon la LFP<\/p>\n<p><strong>\u00ab\u00a0Au regard de la gravit\u00e9 des faits et du risque de r\u00e9it\u00e9ration, la Commission de discipline de la LFP d\u00e9cide de mettre le dossier en instruction\u00a0\u00bb<\/strong> et <strong>\u00ab\u00a0la d\u00e9cision sera rendue \u00e0 l\u2019issue de la s\u00e9ance du 7\u00a0mai\u00a0\u00bb<\/strong>, a \u00e9crit la <a href=\"https:\/\/ligue1.fr\/fr\/articles\/l1_article_2394-discipline-toutes-les-decisions-du-23-avril-l1-2425\" target=\"_self\" rel=\"noopener\">Ligue dans un communiqu\u00e9<\/a>.<\/p>\n<p>En parall\u00e8le \u00e0 d\u2019\u00e9ventuelles sanctions sportives, le tribunal de Saint-Etienne jugera le 13\u00a0octobre un supporter st\u00e9phanois soup\u00e7onn\u00e9 d\u2019avoir jet\u00e9 une pi\u00e8ce de monnaie sur la t\u00eate d\u2019un arbitre de touche dimanche soir au stade Geoffroy-Guichard.<\/p>\n<p><strong>Lire aussi\u00a0:<\/strong>\u00a0<a href=\"https:\/\/vichy.maville.com\/sport\/detail_-recit.-asse-ol-comment-le-derby-a-sombre-apres-le-jet-de-projectile-sur-un-arbitre-_54135-6774155_actu.Htm\" target=\"_self\" rel=\"noopener\">R\u00c9CIT. ASSE &#8211; OL\u00a0: comment le derby a sombr\u00e9 apr\u00e8s le jet de projectile sur un arbitre<\/a><\/p>\n<p>Son geste avait entra\u00een\u00e9 l\u2019interruption pendant une quarantaine de minutes du match finalement remport\u00e9 par l\u2019ASSE (2-1).<\/p>\n<p>\u00a0<\/p>\n","protected":false},"excerpt":{"rendered":"La commission de discipline de la Ligue du football professionnel se prononcera le 7\u00a0mai sur d\u2019\u00e9ventuelles sanctions apr\u00e8s&hellip;\n","protected":false},"author":2,"featured_media":47989,"comment_status":"","ping_status":"","sticky":false,"template":"","format":"standard","meta":{"footnotes":""},"categories":[9653],"tags":[1111,11,2430,3809,1465,1777,674,63,1011,27,1792,1922,2047,12,25,479,4001,517,1470],"class_list":{"0":"post-47988","1":"post","2":"type-post","3":"status-publish","4":"format-standard","5":"has-post-thumbnail","7":"category-saint-etienne","8":"tag-actu","9":"tag-actualites","10":"tag-auvergne-rhone-alpes","11":"tag-ball","12":"tag-basket","13":"tag-eu","14":"tag-europe","15":"tag-football","16":"tag-fr","17":"tag-france","18":"tag-handball","19":"tag-info","20":"tag-mans","21":"tag-news","22":"tag-republique-francaise","23":"tag-rugby","24":"tag-saint-etienne","25":"tag-sport","26":"tag-volley"},"share_on_mastodon":{"url":"https:\/\/pubeurope.com\/@fr\/114390352844187964","error":""},"_links":{"self":[{"href":"https:\/\/www.europesays.com\/fr\/wp-json\/wp\/v2\/posts\/47988","targetHints":{"allow":["GET"]}}],"collection":[{"href":"https:\/\/www.europesays.com\/fr\/wp-json\/wp\/v2\/posts"}],"about":[{"href":"https:\/\/www.europesays.com\/fr\/wp-json\/wp\/v2\/types\/post"}],"author":[{"embeddable":true,"href":"https:\/\/www.europesays.com\/fr\/wp-json\/wp\/v2\/users\/2"}],"replies":[{"embeddable":true,"href":"https:\/\/www.europesays.com\/fr\/wp-json\/wp\/v2\/comments?post=47988"}],"version-history":[{"count":0,"href":"https:\/\/www.europesays.com\/fr\/wp-json\/wp\/v2\/posts\/47988\/revisions"}],"wp:featuredmedia":[{"embeddable":true,"href":"https:\/\/www.europesays.com\/fr\/wp-json\/wp\/v2\/media\/47989"}],"wp:attachment":[{"href":"https:\/\/www.europesays.com\/fr\/wp-json\/wp\/v2\/media?parent=47988"}],"wp:term":[{"taxonomy":"category","embeddable":true,"href":"https:\/\/www.europesays.com\/fr\/wp-json\/wp\/v2\/categories?post=47988"},{"taxonomy":"post_tag","embeddable":true,"href":"https:\/\/www.europesays.com\/fr\/wp-json\/wp\/v2\/tags?post=47988"}],"curies":[{"name":"wp","href":"https:\/\/api.w.org\/{rel}","templated":true}]}}