{"id":479888,"date":"2025-10-21T16:28:12","date_gmt":"2025-10-21T16:28:12","guid":{"rendered":"https:\/\/www.europesays.com\/fr\/479888\/"},"modified":"2025-10-21T16:28:12","modified_gmt":"2025-10-21T16:28:12","slug":"pour-vous-regaler-voici-les-nouveaux-restos-et-adresses-a-tester-a-rouen-pendant-les-vacances","status":"publish","type":"post","link":"https:\/\/www.europesays.com\/fr\/479888\/","title":{"rendered":"Pour vous r\u00e9galer, voici les nouveaux restos et adresses \u00e0 tester \u00e0 Rouen pendant les vacances"},"content":{"rendered":"<p>            Par<br \/>\n        <strong><br \/>\n            <a href=\"https:\/\/actu.fr\/auteur\/julien-bouteiller\" title=\"Consulter tous les articles de Julien Bouteiller\" rel=\"nofollow noopener\" target=\"_blank\">Julien Bouteiller<\/a><br \/>\n        <\/strong><\/p>\n<p>        Publi\u00e9 le<\/p>\n<p>            21 oct. 2025 \u00e0 18h02        <\/p>\n<p>Pour certains, ce sont les <strong>vacances<\/strong> de la Toussaint. Mais, m\u00eame si vous bossez, \u00e7a peut \u00eatre l\u2019occasion de<strong> tester de nouvelles adresses<\/strong>. Et \u00e7a tombe bien, on n\u2019en manque pas <a href=\"https:\/\/actu.fr\/tag\/bon-plan-a-rouen\" rel=\"nofollow noopener\" target=\"_blank\">\u00e0 Rouen<\/a>\u2009! On vous a donc fait<strong> une s\u00e9lection de nouveaux endroits<\/strong> pour vous r\u00e9galer en ville.<\/p>\n<p>Des adresses pour se r\u00e9galer \u00e0 Rouen<\/p>\n<ul class=\" wall-content\">\n<li><a href=\"https:\/\/actu.fr\/normandie\/rouen_76540\/a-rouen-il-ouvre-une-patisserie-dans-un-local-vide-depuis-plus-d-un-an-ca-va-bien-depanner-le-quartier_63303212.html\" rel=\"nofollow noopener\" target=\"_blank\">Le P\u2019tit P\u00e2tissier, 63 rue Saint-Gervais<\/a>\u2009: au beau milieu de la rue Saint-Gervais, \u00e0 Rouen, Guillaume Gaudin a mont\u00e9 sa p\u00e2tisserie artisanale.<\/li>\n<li><a href=\"https:\/\/actu.fr\/normandie\/rouen_76540\/avec-le-bistro-saigon-thang-mai-nam-veut-faire-voyager-au-vietnam-le-temps-d-un-repas-a-rouen_63189616.html\" rel=\"nofollow noopener\" target=\"_blank\">Bistrot Sa\u00efgon, 20 rue du Vieux Palais<\/a>\u2009: le Bakoua, restaurant antillais mythique de Rouen a trouv\u00e9 un repreneur. Le nouvel \u00e9tablissement fait lui aussi voyager. Cette fois-ci, direction le Vietnam.<\/li>\n<li><a href=\"https:\/\/actu.fr\/normandie\/rouen_76540\/a-rouen-le-bouillon-d-or-s-etend-avec-une-nouvelle-adresse-a-la-place-d-une-enseigne-historique_63298487.html\" rel=\"nofollow noopener\" target=\"_blank\">Le Bouillon Comptoir, 88 rue Ganterie<\/a>\u2009: un lieu de vente \u00e0 emporter avec une s\u00e9lection de plats en portion individuelle du Bouillon d\u2019Or, voisin. On peut aussi manger sur place, en int\u00e9rieur ou en ext\u00e9rieur sur la terrasse.<\/li>\n<li><a href=\"https:\/\/actu.fr\/normandie\/rouen_76540\/ferme-depuis-deux-mois-dans-le-centre-ville-de-rouen-le-diapason-est-remplace-par-un-nouveau-restaurant_63061567.html\" rel=\"nofollow noopener\" target=\"_blank\">La Cr\u00eape dans le bec, 8 all\u00e9e Eug\u00e8ne-Delacroix<\/a>\u2009: \u00e0 la place du Diapason, on y trouve une carte avec un large choix de galettes et de cr\u00eapes, mais aussi avec une partie brasserie o\u00f9 l\u2019on retrouve des burgers, des entrec\u00f4tes, des salades\u2026<\/li>\n<li><a href=\"https:\/\/actu.fr\/normandie\/rouen_76540\/nouveau-a-rouen-une-amoureuse-de-la-cuisine-italienne-ouvre-un-restaurant-rue-eau-de-robec_62890240.html\" rel=\"nofollow noopener\" target=\"_blank\">Bambini, 164 rue Eau de Robec<\/a>\u2009: Cette nouvelle adresse a \u00e9t\u00e9 cr\u00e9\u00e9e par Yassaman Hosseini, g\u00e9rante du restaurant libanais Payiz, mais aussi grande amoureuse de la cuisine italienne.<\/li>\n<li><a href=\"https:\/\/actu.fr\/normandie\/rouen_76540\/passee-chez-cyril-lignac-claire-propose-ses-patisseries-aux-fleurs-a-rouen_62945810.html\" rel=\"nofollow noopener\" target=\"_blank\">Fleurs Sucr\u00e9es, 28 place des Carmes<\/a>\u2009: la boutique fait salon de th\u00e9 et propose un d\u00e9jeuner le midi (buns saumon, buns falafel, club-sandwich pastrami, bretzel), mais sa sp\u00e9cialit\u00e9, ce sont les p\u00e2tisseries aux fleurs comestibles.<\/li>\n<li><a href=\"https:\/\/actu.fr\/normandie\/rouen_76540\/a-rouen-ce-restaurant-100-annees-90-2000-remplace-une-creperie-historique_62983664.html\" rel=\"nofollow noopener\" target=\"_blank\">Le Millenial, 52 rue Saint-Romain<\/a>\u2009: nich\u00e9 \u00e0 deux pas de la cath\u00e9drale de Rouen, le restaurant a pris la suite de La Cr\u00eaperie Le Saint Romain et propose une ambiance ann\u00e9es 1990-2000<\/li>\n<li><a href=\"https:\/\/actu.fr\/normandie\/rouen_76540\/le-comptoir-un-nouveau-bar-a-vins-et-tapas-signe-par-le-chef-de-l-epicurius-a-rouen_62661892.html\" rel=\"nofollow noopener\" target=\"_blank\">Le Comptoir, 29 rue Damiette<\/a>\u2009: l\u2019\u00e9quipe de l\u2019\u00c9picurius a ouvert un nouveau concept juste \u00e0 c\u00f4t\u00e9 du restaurant gastronomique, un bar ax\u00e9 autour du vin et des tapas raffin\u00e9s.<\/li>\n<li><a href=\"https:\/\/actu.fr\/normandie\/rouen_76540\/mangez-entre-les-chefs-d-oeuvre-du-musee-des-beaux-arts-de-rouen-avec-le-nouveau-restaurant-cafe-sculptures_62905797.html\" rel=\"nofollow noopener\" target=\"_blank\">Caf\u00e9 Sculpture, dans le hall du mus\u00e9e des Beaux-Arts<\/a>\u2009: Amira Brahimi a inaugur\u00e9 un nouveau restaurant dans le mus\u00e9e des Beaux-Arts de Rouen plac\u00e9 directement sous la verri\u00e8re et y sert des plats qui font r\u00e9f\u00e9rence aux tableaux.<\/li>\n<\/ul>\n<p>Suivez l\u2019actualit\u00e9 de Rouen <a href=\"https:\/\/www.whatsapp.com\/channel\/0029VaKfnf99hXF2ddApFB1D\" rel=\"nofollow noopener\" target=\"_blank\">sur notre cha\u00eene WhatsApp<\/a> et <a href=\"https:\/\/www.tiktok.com\/@76actu.fr?lang=fr\" rel=\"nofollow noopener\" target=\"_blank\">sur notre compte TikTok<\/a><\/p>\n<p class=\" wall-content\">Personnalisez votre actualit\u00e9 en ajoutant vos villes et m\u00e9dias en favori avec <a href=\"https:\/\/moncompte.actu.fr\" title=\"D\u00e9couvez Mon Actu\" rel=\"nofollow noopener\" data-trk=\"{&quot;cta&quot;:{&quot;action&quot;:&quot;https:\\\/\\\/moncompte.actu.fr&quot;,&quot;category&quot;:&quot;mon compte&quot;,&quot;from&quot;:&quot;article footer&quot;,&quot;name&quot;:&quot;Mon actu&quot;,&quot;type&quot;:&quot;cta&quot;}}\" target=\"_blank\">Mon Actu<\/a>.<\/p>\n<p>                    <script async src=\"\/\/www.tiktok.com\/embed.js\"><\/script><\/p>\n","protected":false},"excerpt":{"rendered":"Par Julien Bouteiller Publi\u00e9 le 21 oct. 2025 \u00e0 18h02 Pour certains, ce sont les vacances de la&hellip;\n","protected":false},"author":2,"featured_media":479889,"comment_status":"","ping_status":"","sticky":false,"template":"","format":"standard","meta":{"footnotes":""},"categories":[9587],"tags":[1111,11,9086,1777,674,1011,27,1661,1652,12,5161,25,1340,9590],"class_list":{"0":"post-479888","1":"post","2":"type-post","3":"status-publish","4":"format-standard","5":"has-post-thumbnail","7":"category-rouen","8":"tag-actu","9":"tag-actualites","10":"tag-bon-plan-a-rouen","11":"tag-eu","12":"tag-europe","13":"tag-fr","14":"tag-france","15":"tag-gastronomie","16":"tag-loisirs-culture","17":"tag-news","18":"tag-normandie","19":"tag-republique-francaise","20":"tag-restaurant","21":"tag-rouen"},"share_on_mastodon":{"url":"https:\/\/pubeurope.com\/@fr\/115413103833407752","error":""},"_links":{"self":[{"href":"https:\/\/www.europesays.com\/fr\/wp-json\/wp\/v2\/posts\/479888","targetHints":{"allow":["GET"]}}],"collection":[{"href":"https:\/\/www.europesays.com\/fr\/wp-json\/wp\/v2\/posts"}],"about":[{"href":"https:\/\/www.europesays.com\/fr\/wp-json\/wp\/v2\/types\/post"}],"author":[{"embeddable":true,"href":"https:\/\/www.europesays.com\/fr\/wp-json\/wp\/v2\/users\/2"}],"replies":[{"embeddable":true,"href":"https:\/\/www.europesays.com\/fr\/wp-json\/wp\/v2\/comments?post=479888"}],"version-history":[{"count":0,"href":"https:\/\/www.europesays.com\/fr\/wp-json\/wp\/v2\/posts\/479888\/revisions"}],"wp:featuredmedia":[{"embeddable":true,"href":"https:\/\/www.europesays.com\/fr\/wp-json\/wp\/v2\/media\/479889"}],"wp:attachment":[{"href":"https:\/\/www.europesays.com\/fr\/wp-json\/wp\/v2\/media?parent=479888"}],"wp:term":[{"taxonomy":"category","embeddable":true,"href":"https:\/\/www.europesays.com\/fr\/wp-json\/wp\/v2\/categories?post=479888"},{"taxonomy":"post_tag","embeddable":true,"href":"https:\/\/www.europesays.com\/fr\/wp-json\/wp\/v2\/tags?post=479888"}],"curies":[{"name":"wp","href":"https:\/\/api.w.org\/{rel}","templated":true}]}}