{"id":479892,"date":"2025-10-21T16:30:15","date_gmt":"2025-10-21T16:30:15","guid":{"rendered":"https:\/\/www.europesays.com\/fr\/479892\/"},"modified":"2025-10-21T16:30:15","modified_gmt":"2025-10-21T16:30:15","slug":"la-filiere-bois-mise-a-lhonneur-a-val-cenis","status":"publish","type":"post","link":"https:\/\/www.europesays.com\/fr\/479892\/","title":{"rendered":"la fili\u00e8re bois mise \u00e0 l\u2019honneur \u00e0 Val-Cenis"},"content":{"rendered":"<p>\u00ab\u00a0On essaye de mieux concilier les diff\u00e9rents usages en for\u00eat et faire comprendre aux gens pourquoi on va chercher du bois et pourquoi on coupe\u00a0\u00bb, annonce\u00a0Lucile Buisson, charg\u00e9e de mission pour la f\u00e9d\u00e9ration des communes foresti\u00e8res de Savoie, organisateur, avec le p\u00f4le excellence bois et le D\u00e9partement, des Forestivit\u00e9s.<\/p>\n<p>Jusqu\u2019\u00e0 fin octobre, plusieurs \u00e9v\u00e9nements autour des for\u00eats et de la fili\u00e8re bois vont prendre place dans le d\u00e9partement et notamment en Maurienne. Dans ce cadre, la nouvelle chaufferie de Lanslebourg se visitait ce lundi 20\u00a0octobre. Apr\u00e8s une <a href=\"https:\/\/www.ledauphine.com\/economie\/2025\/06\/06\/la-chaufferie-bois-est-active-c-est-la-deuxieme-du-territoire\" target=\"_blank\" rel=\"noopener\">r\u00e9ception en mai<\/a> , elle alimente, gr\u00e2ce \u00e0 ces deux chaudi\u00e8res de 95&#8230;<\/p>\n","protected":false},"excerpt":{"rendered":"\u00ab\u00a0On essaye de mieux concilier les diff\u00e9rents usages en for\u00eat et faire comprendre aux gens pourquoi on va&hellip;\n","protected":false},"author":2,"featured_media":479893,"comment_status":"","ping_status":"","sticky":false,"template":"","format":"standard","meta":{"footnotes":""},"categories":[9566],"tags":[1111,11,327,2430,33,7003,893,1777,674,1011,27,2731,28020,12,25,5508,50737],"class_list":{"0":"post-479892","1":"post","2":"type-post","3":"status-publish","4":"format-standard","5":"has-post-thumbnail","7":"category-grenoble","8":"tag-actu","9":"tag-actualites","10":"tag-agriculture","11":"tag-auvergne-rhone-alpes","12":"tag-economie","13":"tag-edition-tarentaise-maurienne","14":"tag-energie","15":"tag-eu","16":"tag-europe","17":"tag-fr","18":"tag-france","19":"tag-grenoble","20":"tag-maurienne","21":"tag-news","22":"tag-republique-francaise","23":"tag-savoie","24":"tag-val-cenis"},"share_on_mastodon":{"url":"https:\/\/pubeurope.com\/@fr\/115413111609563461","error":""},"_links":{"self":[{"href":"https:\/\/www.europesays.com\/fr\/wp-json\/wp\/v2\/posts\/479892","targetHints":{"allow":["GET"]}}],"collection":[{"href":"https:\/\/www.europesays.com\/fr\/wp-json\/wp\/v2\/posts"}],"about":[{"href":"https:\/\/www.europesays.com\/fr\/wp-json\/wp\/v2\/types\/post"}],"author":[{"embeddable":true,"href":"https:\/\/www.europesays.com\/fr\/wp-json\/wp\/v2\/users\/2"}],"replies":[{"embeddable":true,"href":"https:\/\/www.europesays.com\/fr\/wp-json\/wp\/v2\/comments?post=479892"}],"version-history":[{"count":0,"href":"https:\/\/www.europesays.com\/fr\/wp-json\/wp\/v2\/posts\/479892\/revisions"}],"wp:featuredmedia":[{"embeddable":true,"href":"https:\/\/www.europesays.com\/fr\/wp-json\/wp\/v2\/media\/479893"}],"wp:attachment":[{"href":"https:\/\/www.europesays.com\/fr\/wp-json\/wp\/v2\/media?parent=479892"}],"wp:term":[{"taxonomy":"category","embeddable":true,"href":"https:\/\/www.europesays.com\/fr\/wp-json\/wp\/v2\/categories?post=479892"},{"taxonomy":"post_tag","embeddable":true,"href":"https:\/\/www.europesays.com\/fr\/wp-json\/wp\/v2\/tags?post=479892"}],"curies":[{"name":"wp","href":"https:\/\/api.w.org\/{rel}","templated":true}]}}