{"id":479920,"date":"2025-10-21T16:44:29","date_gmt":"2025-10-21T16:44:29","guid":{"rendered":"https:\/\/www.europesays.com\/fr\/479920\/"},"modified":"2025-10-21T16:44:29","modified_gmt":"2025-10-21T16:44:29","slug":"home-sweet-mode-organise-une-grande-vente-de-destockage-dans-son-entrepot-a-deux-pas-de-lille","status":"publish","type":"post","link":"https:\/\/www.europesays.com\/fr\/479920\/","title":{"rendered":"Home Sweet Mode organise une grande vente de d\u00e9stockage dans son entrep\u00f4t \u00e0 deux pas de Lille"},"content":{"rendered":"<p>            Par<br \/>\n        <strong><br \/>\n            <a href=\"https:\/\/actu.fr\/auteur\/nicolas-demollien\" title=\"Consulter tous les articles de Nicolas Demollien\" target=\"_blank\" rel=\"noopener\">Nicolas Demollien<\/a><br \/>\n        <\/strong><\/p>\n<p>        Publi\u00e9 le<\/p>\n<p>            21 oct. 2025 \u00e0 16h40        <\/p>\n<p>C\u2019est le moment de se faire plaisir et de faire de <b>bonnes affaires<\/b> ! Dans son <b>entrep\u00f4t<\/b> de <a href=\"https:\/\/actu.fr\/hauts-de-france\/seclin_59560\" target=\"_blank\" rel=\"noopener\">Seclin<\/a>, \u00e0 deux pas de <a href=\"https:\/\/actu.fr\/hauts-de-france\/lille_59350\" target=\"_blank\" rel=\"noopener\">Lille<\/a> (Nord), l\u2019<b>enseigne Home Sweet Mode<\/b> annonce organiser une <b>vente de d\u00e9stockage<\/b> ce samedi 25 octobre 2025.<\/p>\n<p>Home Sweet Mode d\u00e9stocke \u00e0 petits prix pr\u00e8s de Lille<\/p>\n<p class=\" wall-content\">Cet entrep\u00f4t se trouve plus pr\u00e9cis\u00e9ment 22, rue Marcel Dassault et la vente aura lieu de 10h \u00e0 18h.\u00a0Lors de cette <b>braderie<\/b> mise en place par l\u2019enseigne, vous trouverez \u00ab\u00a0essentiellement du <b>pr\u00eat \u00e0 porter d\u2019\u00e9t\u00e9<\/b> du 36 au 50 et <b>un peu de d\u00e9co<\/b> et d\u2019accessoires\u00a0\u00bb, annonce l\u2019entreprise.<\/p>\n<p class=\" wall-content\">Pour m\u00e9moire, Home Sweet Mode est une enseigne de d\u00e9co et de mode n\u00e9e dans la m\u00e9tropole de Lille et qui conna\u00eet un joli succ\u00e8s depuis sa cr\u00e9ation en 2015. Elle propose\u00a0un savant m\u00e9lange d\u2018articles pour d\u00e9corer sa maison, pour offrir, ainsi que des\u00a0v\u00eatements.<\/p>\n<p class=\" wall-content\">Autant dire que vous devriez pouvoir vous faire plaisir ce samedi !<\/p>\n<p>    <a href=\"https:\/\/www.facebook.com\/plugins\/post.php?href=https%3A%2F%2Fwww.facebook.com%2Fhomesweetmode%2Fposts%2Fpfbid037LVBRznqj8JyhuWYYpUcM4TyE6ZQps5WXgnrJdVeFfsNPCTnEphHmF3s7bMTNa7Al&amp;show_text=true&amp;width=350\" title=\"Ouvrie le lien\" target=\"_blank\" rel=\"noopener\">Cliquez ici pour visualiser le contenu<\/a><\/p>\n<p class=\" wall-content\">Pr\u00e9voir vos cabas. Paiement en carte bancaire \u00e0 partir de 10\u20ac. Plus d\u2019infos sur la marque sur le site <a href=\"https:\/\/homesweetmode.com\/\" target=\"_blank\" rel=\"noopener\">homesweetmode.com<\/a><\/p>\n<p class=\" wall-content\">Personnalisez votre actualit\u00e9 en ajoutant vos villes et m\u00e9dias en favori avec <a href=\"https:\/\/moncompte.actu.fr\" title=\"D\u00e9couvez Mon Actu\" rel=\"nofollow noopener\" data-trk=\"{&quot;cta&quot;:{&quot;action&quot;:&quot;https:\\\/\\\/moncompte.actu.fr&quot;,&quot;category&quot;:&quot;mon compte&quot;,&quot;from&quot;:&quot;article footer&quot;,&quot;name&quot;:&quot;Mon actu&quot;,&quot;type&quot;:&quot;cta&quot;}}\" target=\"_blank\">Mon Actu<\/a>.<\/p>\n","protected":false},"excerpt":{"rendered":"Par Nicolas Demollien Publi\u00e9 le 21 oct. 2025 \u00e0 16h40 C\u2019est le moment de se faire plaisir et&hellip;\n","protected":false},"author":2,"featured_media":479921,"comment_status":"","ping_status":"","sticky":false,"template":"","format":"standard","meta":{"footnotes":""},"categories":[2815],"tags":[1111,11,6557,1777,674,1011,27,811,1307,1652,12,25],"class_list":{"0":"post-479920","1":"post","2":"type-post","3":"status-publish","4":"format-standard","5":"has-post-thumbnail","7":"category-lille","8":"tag-actu","9":"tag-actualites","10":"tag-bon-plan-a-lille","11":"tag-eu","12":"tag-europe","13":"tag-fr","14":"tag-france","15":"tag-hauts-de-france","16":"tag-lille","17":"tag-loisirs-culture","18":"tag-news","19":"tag-republique-francaise"},"share_on_mastodon":{"url":"https:\/\/pubeurope.com\/@fr\/115413166629256252","error":""},"_links":{"self":[{"href":"https:\/\/www.europesays.com\/fr\/wp-json\/wp\/v2\/posts\/479920","targetHints":{"allow":["GET"]}}],"collection":[{"href":"https:\/\/www.europesays.com\/fr\/wp-json\/wp\/v2\/posts"}],"about":[{"href":"https:\/\/www.europesays.com\/fr\/wp-json\/wp\/v2\/types\/post"}],"author":[{"embeddable":true,"href":"https:\/\/www.europesays.com\/fr\/wp-json\/wp\/v2\/users\/2"}],"replies":[{"embeddable":true,"href":"https:\/\/www.europesays.com\/fr\/wp-json\/wp\/v2\/comments?post=479920"}],"version-history":[{"count":0,"href":"https:\/\/www.europesays.com\/fr\/wp-json\/wp\/v2\/posts\/479920\/revisions"}],"wp:featuredmedia":[{"embeddable":true,"href":"https:\/\/www.europesays.com\/fr\/wp-json\/wp\/v2\/media\/479921"}],"wp:attachment":[{"href":"https:\/\/www.europesays.com\/fr\/wp-json\/wp\/v2\/media?parent=479920"}],"wp:term":[{"taxonomy":"category","embeddable":true,"href":"https:\/\/www.europesays.com\/fr\/wp-json\/wp\/v2\/categories?post=479920"},{"taxonomy":"post_tag","embeddable":true,"href":"https:\/\/www.europesays.com\/fr\/wp-json\/wp\/v2\/tags?post=479920"}],"curies":[{"name":"wp","href":"https:\/\/api.w.org\/{rel}","templated":true}]}}