{"id":479922,"date":"2025-10-21T16:45:23","date_gmt":"2025-10-21T16:45:23","guid":{"rendered":"https:\/\/www.europesays.com\/fr\/479922\/"},"modified":"2025-10-21T16:45:23","modified_gmt":"2025-10-21T16:45:23","slug":"enigme-cine-maquillage-mode-halloween-active-dans-ces-centres-commerciaux-de-la-metropole-de-lille","status":"publish","type":"post","link":"https:\/\/www.europesays.com\/fr\/479922\/","title":{"rendered":"\u00c9nigme, cin\u00e9, maquillage\u2026 Mode Halloween activ\u00e9 dans ces centres commerciaux de la m\u00e9tropole de Lille"},"content":{"rendered":"<p>            Par<br \/>\n        <strong><br \/>\n            <a href=\"https:\/\/actu.fr\/auteur\/amandine-vachez\" title=\"Consulter tous les articles de Amandine Vachez\" rel=\"nofollow noopener\" target=\"_blank\">Amandine Vachez<\/a><br \/>\n        <\/strong><\/p>\n<p>        Publi\u00e9 le<\/p>\n<p>            21 oct. 2025 \u00e0 16h03        <\/p>\n<p>Bouh\u2009! <a href=\"https:\/\/actu.fr\/tag\/halloween\" rel=\"nofollow noopener\" target=\"_blank\">Halloween<\/a> s\u2019invite partout, fin octobre\u00a02025. Pour les <b>vacances de la Toussaint<\/b>, de nombreuses structures surfent sur cette actualit\u00e9 pour attirer les foules, en particulier les familles. Cette c\u00e9l\u00e9bration s\u2019invite dans les parcs d\u2019attractions notamment, mais aussi dans les<b> centres commerciaux.<\/b> Apr\u00e8s vous avoir pr\u00e9sent\u00e9 <a href=\"https:\/\/actu.fr\/hauts-de-france\/lille_59350\/lille-lego-citrouilles-manoir-de-la-peur-et-dinos-lillenium-fait-le-plein-danimations-pour-les-vacances_63325184.html\" rel=\"nofollow noopener\" target=\"_blank\">les animations th\u00e9matiques \u00e0 Lillenium<\/a>, voici ce qu\u2019il se trame dans les <b>\u00e9tablissements Aushopping <\/b>de la m\u00e9tropole de Lille.<\/p>\n<p>Cin\u00e9 magique et maquillage \u00e0 Faches<\/p>\n<p class=\" wall-content\">Du samedi 25 octobre au samedi 1er novembre, venez vivre une semaine terriblement amusante au c\u0153ur du centre Aushopping Faches\u2009! Au programme\u2009: \u00ab\u2009cin\u00e9 magique\u2009\u00bb, tous les jours de 14\u2009h \u00e0 18\u2009h. \u00ab\u2009Plongez dans l\u2019ambiance d\u2019Halloween avec des courts-m\u00e9trages libres de droits, diffus\u00e9s en continu toutes les 15 minutes. Et pour une exp\u00e9rience 100\u2009% cin\u00e9\u2026 une d\u00e9gustation de pop-corn vous attend\u2009!\u2009\u00bb, annonce le centre. Un stand de maquillage sera aussi install\u00e9 le vendredi 31 octobre pour Halloween. Deux maquilleuses professionnelles \u00ab\u2009transformeront petits et grands en sorci\u00e8res, vampires ou citrouilles ensorcel\u00e9es\u2009!\u2009\u00bb La mascotte Roxie, sera aussi pr\u00e9sente ce jour-l\u00e0.<\/p>\n<p class=\" wall-content\"><a href=\"https:\/\/www.instagram.com\/p\/DP3w92kkbzW\/embed\" title=\"Ouvrir le lien sur Instagram\" rel=\"nofollow noopener\" target=\"_blank\">Visualiser le contenu sur Instagram<\/a><\/p>\n<p>Caverne maudite du dragon \u00e0 Englos<\/p>\n<p class=\" wall-content\">\u00ab\u2009Entrez si vous l\u2019osez\u2009\u00bb\u2026 Du samedi 25\u00a0octobre au samedi 1er\u00a0novembre, la galerie du centre Les G\u00e9ants se transforme en v\u00e9ritable repaire de dragon, avec \u00ab\u2009une caverne maudite \u00e0 explorer, remplie de myst\u00e8res, de d\u00e9cors spectaculaires et d\u2019indices\u00a0cach\u00e9s \u00e0 d\u00e9chiffrer pour mettre la main sur le tr\u00e9sor du dragon.\u2009\u00bb Tous les jours, de 14\u2009h \u00e0 18\u2009h, les curieux sont invit\u00e9s \u00e0 aller \u00e0 la rencontre des gardiens du tr\u00e9sor, qui les guideront dans leur exploration. Vendredi 31\u00a0octobre, les apprentis aventuriers seront invit\u00e9s \u00e0 participer \u00e0 des ateliers cr\u00e9atifs pour fabriquer leur propre amulette magique, ou \u00e0 se laisser tenter par un tatouage \u00e9ph\u00e9m\u00e8re aux couleurs d\u2019Halloween.<\/p>\n<p class=\" wall-content\"><a href=\"https:\/\/www.instagram.com\/p\/DQClJULDjxQ\/embed\" title=\"Ouvrir le lien sur Instagram\" rel=\"nofollow noopener\" target=\"_blank\">Visualiser le contenu sur Instagram<\/a><\/p>\n<p>Cirque d\u2019Halloween \u00e0 V2<\/p>\n<p class=\" wall-content\">Pendant les vacances scolaires, du 22\u00a0octobre au 1er\u00a0novembre, le centre Aushopping V2 de Villeneuve-d\u2019Ascq se m\u00e9tamorphose en un v\u00e9ritable cirque d\u2019Halloween. Pour la premi\u00e8re fois, le centre propose un escape game immersif destin\u00e9 aux adultes et adolescents, en parall\u00e8le d\u2019un parcours moins effrayant pour les plus jeunes. \u00ab\u2009Entre rires, cris et frissons, petits et grands sont invit\u00e9s \u00e0 plonger dans l\u2019univers d\u2019Halloween et \u00e0 vivre une exp\u00e9rience in\u00e9dite, rythm\u00e9e par des jeux d\u2019enqu\u00eate, des ateliers cr\u00e9atifs, des parades artistiques et un grand jeu-concours\u2009\u00bb, annonce l\u2019enseigne. Le vendredi 31\u00a0octobre, un atelier maquillage viendra compl\u00e9ter les animations de l\u2019apr\u00e8s-midi, dans l\u2019id\u00e9e de pr\u00e9parer une grande d\u00e9ambulation dans les all\u00e9es du centre, anim\u00e9e notamment par la Compagnie Voltigo, avec des artistes costum\u00e9s et des musiciens.<\/p>\n<p class=\" wall-content\"><a href=\"https:\/\/www.instagram.com\/p\/DPvwFKPiaSb\/embed\" title=\"Ouvrir le lien sur Instagram\" rel=\"nofollow noopener\" target=\"_blank\">Visualiser le contenu sur Instagram<\/a><\/p>\n<p class=\" wall-content\">De beaux moments \u00e0 partager en famille\u2009!<\/p>\n<p class=\" wall-content\">Notez aussi que chaque centre organise des jeux-concours, avec des places \u00e0 gagner dans des parcs d\u2019attractions.<\/p>\n<p class=\" wall-content\">Retrouvez le programme complet du centre qui vous int\u00e9resse <a href=\"https:\/\/www.aushopping.com\/\" rel=\"nofollow noopener\" target=\"_blank\">sur le site officiel d\u2019Aushopping<\/a>.<\/p>\n<p class=\" wall-content\">Personnalisez votre actualit\u00e9 en ajoutant vos villes et m\u00e9dias en favori avec <a href=\"https:\/\/moncompte.actu.fr\" title=\"D\u00e9couvez Mon Actu\" rel=\"nofollow noopener\" data-trk=\"{&quot;cta&quot;:{&quot;action&quot;:&quot;https:\\\/\\\/moncompte.actu.fr&quot;,&quot;category&quot;:&quot;mon compte&quot;,&quot;from&quot;:&quot;article footer&quot;,&quot;name&quot;:&quot;Mon actu&quot;,&quot;type&quot;:&quot;cta&quot;}}\" target=\"_blank\">Mon Actu<\/a>.<\/p>\n<p>                    <script async src=\"\/\/www.instagram.com\/embed.js\"><\/script><\/p>\n","protected":false},"excerpt":{"rendered":"Par Amandine Vachez Publi\u00e9 le 21 oct. 2025 \u00e0 16h03 Bouh\u2009! Halloween s\u2019invite partout, fin octobre\u00a02025. Pour les&hellip;\n","protected":false},"author":2,"featured_media":479923,"comment_status":"","ping_status":"","sticky":false,"template":"","format":"standard","meta":{"footnotes":""},"categories":[2815],"tags":[1111,11,1719,1777,674,652,1011,27,20815,811,1307,1652,12,25],"class_list":{"0":"post-479922","1":"post","2":"type-post","3":"status-publish","4":"format-standard","5":"has-post-thumbnail","7":"category-lille","8":"tag-actu","9":"tag-actualites","10":"tag-enfants","11":"tag-eu","12":"tag-europe","13":"tag-famille","14":"tag-fr","15":"tag-france","16":"tag-halloween","17":"tag-hauts-de-france","18":"tag-lille","19":"tag-loisirs-culture","20":"tag-news","21":"tag-republique-francaise"},"share_on_mastodon":{"url":"https:\/\/pubeurope.com\/@fr\/115413170589787209","error":""},"_links":{"self":[{"href":"https:\/\/www.europesays.com\/fr\/wp-json\/wp\/v2\/posts\/479922","targetHints":{"allow":["GET"]}}],"collection":[{"href":"https:\/\/www.europesays.com\/fr\/wp-json\/wp\/v2\/posts"}],"about":[{"href":"https:\/\/www.europesays.com\/fr\/wp-json\/wp\/v2\/types\/post"}],"author":[{"embeddable":true,"href":"https:\/\/www.europesays.com\/fr\/wp-json\/wp\/v2\/users\/2"}],"replies":[{"embeddable":true,"href":"https:\/\/www.europesays.com\/fr\/wp-json\/wp\/v2\/comments?post=479922"}],"version-history":[{"count":0,"href":"https:\/\/www.europesays.com\/fr\/wp-json\/wp\/v2\/posts\/479922\/revisions"}],"wp:featuredmedia":[{"embeddable":true,"href":"https:\/\/www.europesays.com\/fr\/wp-json\/wp\/v2\/media\/479923"}],"wp:attachment":[{"href":"https:\/\/www.europesays.com\/fr\/wp-json\/wp\/v2\/media?parent=479922"}],"wp:term":[{"taxonomy":"category","embeddable":true,"href":"https:\/\/www.europesays.com\/fr\/wp-json\/wp\/v2\/categories?post=479922"},{"taxonomy":"post_tag","embeddable":true,"href":"https:\/\/www.europesays.com\/fr\/wp-json\/wp\/v2\/tags?post=479922"}],"curies":[{"name":"wp","href":"https:\/\/api.w.org\/{rel}","templated":true}]}}