{"id":479924,"date":"2025-10-21T16:46:10","date_gmt":"2025-10-21T16:46:10","guid":{"rendered":"https:\/\/www.europesays.com\/fr\/479924\/"},"modified":"2025-10-21T16:46:10","modified_gmt":"2025-10-21T16:46:10","slug":"sessun-x-table-quand-la-mode-met-les-pieds-sous-la-table","status":"publish","type":"post","link":"https:\/\/www.europesays.com\/fr\/479924\/","title":{"rendered":"\u00a0Sess\u00f9n x TABLE, quand la mode met les pieds sous la table"},"content":{"rendered":"<p>\t\u00a0Sess\u00f9n x TABLE, quand la mode met les pieds sous la table &#8211; Toutma<\/p>\n<p>&#13;<br \/>\n&#13;<\/p>\n<p>&#13;<br \/>\n\t\t&#13;<\/p>\n<p>Nous utilisons des cookies pour vous garantir la meilleure exp\u00e9rience sur notre site web. Si vous continuez \u00e0 utiliser ce site, nous supposerons que vous en \u00eates satisfait.OK<\/p>\n<p>\t\t&#13;<\/p>\n","protected":false},"excerpt":{"rendered":"\u00a0Sess\u00f9n x TABLE, quand la mode met les pieds sous la table &#8211; Toutma &#13; &#13; &#13; &#13;&hellip;\n","protected":false},"author":2,"featured_media":479925,"comment_status":"","ping_status":"","sticky":false,"template":"","format":"standard","meta":{"footnotes":""},"categories":[2814],"tags":[1111,11,60315,60316,1659,60317,60318,1777,674,1011,27,1305,884,12,882,25,4611],"class_list":{"0":"post-479924","1":"post","2":"type-post","3":"status-publish","4":"format-standard","5":"has-post-thumbnail","7":"category-marseille","8":"tag-actu","9":"tag-actualites","10":"tag-art-de-la-table","11":"tag-art-de-recevoir","12":"tag-art-de-vivre","13":"tag-collab","14":"tag-collab-sessun-alma","15":"tag-eu","16":"tag-europe","17":"tag-fr","18":"tag-france","19":"tag-lifestyle","20":"tag-marseille","21":"tag-news","22":"tag-provence-alpes-cote-dazur","23":"tag-republique-francaise","24":"tag-table"},"share_on_mastodon":{"url":"https:\/\/pubeurope.com\/@fr\/115413174547896807","error":""},"_links":{"self":[{"href":"https:\/\/www.europesays.com\/fr\/wp-json\/wp\/v2\/posts\/479924","targetHints":{"allow":["GET"]}}],"collection":[{"href":"https:\/\/www.europesays.com\/fr\/wp-json\/wp\/v2\/posts"}],"about":[{"href":"https:\/\/www.europesays.com\/fr\/wp-json\/wp\/v2\/types\/post"}],"author":[{"embeddable":true,"href":"https:\/\/www.europesays.com\/fr\/wp-json\/wp\/v2\/users\/2"}],"replies":[{"embeddable":true,"href":"https:\/\/www.europesays.com\/fr\/wp-json\/wp\/v2\/comments?post=479924"}],"version-history":[{"count":0,"href":"https:\/\/www.europesays.com\/fr\/wp-json\/wp\/v2\/posts\/479924\/revisions"}],"wp:featuredmedia":[{"embeddable":true,"href":"https:\/\/www.europesays.com\/fr\/wp-json\/wp\/v2\/media\/479925"}],"wp:attachment":[{"href":"https:\/\/www.europesays.com\/fr\/wp-json\/wp\/v2\/media?parent=479924"}],"wp:term":[{"taxonomy":"category","embeddable":true,"href":"https:\/\/www.europesays.com\/fr\/wp-json\/wp\/v2\/categories?post=479924"},{"taxonomy":"post_tag","embeddable":true,"href":"https:\/\/www.europesays.com\/fr\/wp-json\/wp\/v2\/tags?post=479924"}],"curies":[{"name":"wp","href":"https:\/\/api.w.org\/{rel}","templated":true}]}}