{"id":479926,"date":"2025-10-21T16:47:18","date_gmt":"2025-10-21T16:47:18","guid":{"rendered":"https:\/\/www.europesays.com\/fr\/479926\/"},"modified":"2025-10-21T16:47:18","modified_gmt":"2025-10-21T16:47:18","slug":"course-pedestre-marseille-cassis-ambassadeur-engage-pierre-ambroise-bosse-courra-avec-un-cleanup-dossard","status":"publish","type":"post","link":"https:\/\/www.europesays.com\/fr\/479926\/","title":{"rendered":"Course p\u00e9destre &#8211; Marseille-Cassis : ambassadeur engag\u00e9, Pierre-Ambroise Bosse courra avec un \u00ab\u00a0Cleanup dossard\u00a0\u00bb"},"content":{"rendered":"<p>Au c\u0153ur du peloton, des dossards verts vont faire leur apparition lors de cette <a href=\"https:\/\/www.laprovence.com\/article\/sports\/1221155136100515\/course-pedestre-marseille-cassis-la-course-qui-unit-les-generations\" target=\"_blank\" rel=\"noopener\">46e \u00e9dition de Marseille-Cassis<\/a>. 215 \u00ab\u00a0Cleanup dossards\u00a0\u00bb exactement, pour les personnes qui se sont engag\u00e9es dans cette initiative \u00e9co-sportive innovante (lire ci-contre) dont Pierre-Ambroise Bosse, qui en est l&rsquo;ambassadeur.<\/p>\n<p>Comme une \u00e9vidence pour le champion du monde 2017 du 800\u00a0m, tr\u00e8s sensible \u00e0 la cause environnementale. Via l&rsquo;association Clean Project cr\u00e9\u00e9e avec une bande de potes, il organise depuis trois ans un festival de ramassage des d\u00e9chets. \u00c0 Lyon notamment. \u00ab\u00a0Le but est de sensibiliser les gens sur les bonnes pratiques, la revalorisation des d\u00e9chets, par le biais du sport, de la culture, de la musique&#8230; On essaye de v\u00e9hiculer des choses pour que le message passe plus facilement et qu&rsquo;on s&rsquo;amuse sur ce festival.\u00a0\u00bb<\/p>\n<p>Un Clean Up g\u00e9ant pour les entreprises le premier jour, un Climax avec diff\u00e9rents jeux le deuxi\u00e8me, tout le monde est convi\u00e9 et concern\u00e9. \u00ab\u00a0L&rsquo;id\u00e9e est qu&rsquo;on essaie tous de mettre de l&rsquo;ordre l\u00e0-dedans et, moi, j&rsquo;ai d\u00e9cid\u00e9 de passer \u00e0 l&rsquo;action&#8230; Cleanup dossards est sur m\u00eame th\u00e8me que ce que l&rsquo;on fait avec Clean Project\u00a0; \u00e0 savoir du Cleanup sportif. L\u00e0, on leur dit &lsquo;mettez la main dans le cambouis et en r\u00e9compense vous pourrez courir Marseille-Cassis&rsquo;. Je trouve \u00e7a extraordinaire.\u00a0\u00bb<\/p>\n<p>Engag\u00e9 et investi, Pierre-Ambroise Bosse courra donc dimanche son Marseille-Cassis. \u00ab\u00a0Uniquement pour la cause. Ce n&rsquo;est pas un objectif sportif car je ne suis pas au meilleur de ma forme, sourit l&rsquo;ancien athl\u00e8te de haut niveau sur le point de se reconvertir dans une carri\u00e8re de coach sportif. Je suis tr\u00e8s content de faire cette course embl\u00e9matique et assez curieux de voir comment \u00e7a se passe notamment au niveau \u00e9cologique. Sur les courses p\u00e9destres, l&rsquo;enjeu est aujourd&rsquo;hui \u00e9norme. Les codes du sport changent, on n&rsquo;a pas le choix et \u00e7a commence \u00e0 bouger dans tous les sens. Ce genre d&rsquo;actions va en amener d&rsquo;autres.\u00a0\u00bb<\/p>\n<p>\u00ab\u00a0S&rsquo;entourer de gens qui pensent qu&rsquo;on peut changer le monde, \u00e7a fait du bien\u00a0\u00bb<\/p>\n<p>Pr\u00e9sent la veille de la course sur le village, il ne manquera pas d&rsquo;aller \u00e0 la rencontre des autres Cleanup coureurs mais pas seulement. Histoire de sensibiliser \u00e0 la cause \u00e9cologique, toujours et encore. \u00ab\u00a0Je ne suis pas un donneur d&rsquo;ordre, je ne m&rsquo;y connais pas plus que Monsieur tout le monde mais, dans ce monde-l\u00e0, je rencontre des gens tr\u00e8s int\u00e9ressants, des petits g\u00e9nies qui ont cr\u00e9\u00e9 des bo\u00eetes qui me fascinent. Alors qu&rsquo;il y a beaucoup de mauvaises informations et de scepticisme autour de ce sujet, s&rsquo;entourer de gens qui pensent qu&rsquo;on peut changer le monde, \u00e7a fait du bien.\u00a0\u00bb<\/p>\n<p>Et \u00e0 Marseille-Cassis, on y croit.<\/p>\n","protected":false},"excerpt":{"rendered":"Au c\u0153ur du peloton, des dossards verts vont faire leur apparition lors de cette 46e \u00e9dition de Marseille-Cassis.&hellip;\n","protected":false},"author":2,"featured_media":479927,"comment_status":"","ping_status":"","sticky":false,"template":"","format":"standard","meta":{"footnotes":""},"categories":[2814],"tags":[17,1111,11,1903,60320,6466,12708,1777,674,1011,27,884,54068,12,16882,60319,882,25,60],"class_list":{"0":"post-479926","1":"post","2":"type-post","3":"status-publish","4":"format-standard","5":"has-post-thumbnail","7":"category-marseille","8":"tag-17","9":"tag-actu","10":"tag-actualites","11":"tag-ambassadeur","12":"tag-bosse","13":"tag-course","14":"tag-engage","15":"tag-eu","16":"tag-europe","17":"tag-fr","18":"tag-france","19":"tag-marseille","20":"tag-marseille-cassis","21":"tag-news","22":"tag-pedestre","23":"tag-pierre-ambroise","24":"tag-provence-alpes-cote-dazur","25":"tag-republique-francaise","26":"tag-sports"},"share_on_mastodon":{"url":"https:\/\/pubeurope.com\/@fr\/115413178457676828","error":""},"_links":{"self":[{"href":"https:\/\/www.europesays.com\/fr\/wp-json\/wp\/v2\/posts\/479926","targetHints":{"allow":["GET"]}}],"collection":[{"href":"https:\/\/www.europesays.com\/fr\/wp-json\/wp\/v2\/posts"}],"about":[{"href":"https:\/\/www.europesays.com\/fr\/wp-json\/wp\/v2\/types\/post"}],"author":[{"embeddable":true,"href":"https:\/\/www.europesays.com\/fr\/wp-json\/wp\/v2\/users\/2"}],"replies":[{"embeddable":true,"href":"https:\/\/www.europesays.com\/fr\/wp-json\/wp\/v2\/comments?post=479926"}],"version-history":[{"count":0,"href":"https:\/\/www.europesays.com\/fr\/wp-json\/wp\/v2\/posts\/479926\/revisions"}],"wp:featuredmedia":[{"embeddable":true,"href":"https:\/\/www.europesays.com\/fr\/wp-json\/wp\/v2\/media\/479927"}],"wp:attachment":[{"href":"https:\/\/www.europesays.com\/fr\/wp-json\/wp\/v2\/media?parent=479926"}],"wp:term":[{"taxonomy":"category","embeddable":true,"href":"https:\/\/www.europesays.com\/fr\/wp-json\/wp\/v2\/categories?post=479926"},{"taxonomy":"post_tag","embeddable":true,"href":"https:\/\/www.europesays.com\/fr\/wp-json\/wp\/v2\/tags?post=479926"}],"curies":[{"name":"wp","href":"https:\/\/api.w.org\/{rel}","templated":true}]}}