{"id":479930,"date":"2025-10-21T16:49:11","date_gmt":"2025-10-21T16:49:11","guid":{"rendered":"https:\/\/www.europesays.com\/fr\/479930\/"},"modified":"2025-10-21T16:49:11","modified_gmt":"2025-10-21T16:49:11","slug":"les-boxs-velos-securises-a-lyon-sont-tres-loin-du-succes-bilan-mitige-un-an-apres","status":"publish","type":"post","link":"https:\/\/www.europesays.com\/fr\/479930\/","title":{"rendered":"Les boxs v\u00e9los \u00ab\u00a0s\u00e9curis\u00e9s\u00a0\u00bb \u00e0 Lyon sont tr\u00e8s loin du succ\u00e8s, bilan mitig\u00e9 un an apr\u00e8s"},"content":{"rendered":"<p>            Par<br \/>\n        <strong><br \/>\n            <a href=\"https:\/\/actu.fr\/auteur\/julien-damboise\" title=\"Consulter tous les articles de Julien Damboise\" target=\"_blank\" rel=\"noopener\">Julien Damboise<\/a><br \/>\n        <\/strong><\/p>\n<p>        Publi\u00e9 le<\/p>\n<p>            21 oct. 2025 \u00e0 18h29        <\/p>\n<p>Depuis l\u2019\u00e9t\u00e9 2024, la M\u00e9tropole de <a href=\"https:\/\/actu.fr\/lyon\/\" target=\"_blank\" rel=\"noopener\">Lyon<\/a> a commenc\u00e9 le d\u00e9ploiement de <strong>boxs \u00ab\u00a0s\u00e9curis\u00e9s\u00a0\u00bb pour v\u00e9los<\/strong> dans la capitale des Gaules ainsi qu\u2019\u00e0 <a href=\"https:\/\/actu.fr\/auvergne-rhone-alpes\/villeurbanne_69266\" target=\"_blank\" rel=\"noopener\">Villeurbanne<\/a>. Une soixantaine d\u2019espaces, en pleine rue, pour \u00e9viter de se faire voler son deux-roues. Apr\u00e8s plus d\u2019un an, voici le bilan de ces installations.<\/p>\n<p>57 boxs<\/p>\n<p class=\" wall-content\">Selon la M\u00e9tropole de Lyon, interrog\u00e9e par actu Lyon, ce sont les budgets participatifs qui ont permis l\u2019installation de 57 boxs v\u00e9lo sur les deux communes. Une d\u00e9cision pour r\u00e9pondre \u00e0 une probl\u00e9matique de <strong>s\u00e9curit\u00e9 et d\u2019usure<\/strong>.<\/p>\n<blockquote class=\"ac-article-quote wall-content\">\n<p>Les box offrent un stationnement ferm\u00e9, s\u00e9curis\u00e9 et r\u00e9serv\u00e9 aux abonn\u00e9s, r\u00e9pondant \u00e0 un besoin que ne couvrent pas les arceaux de rue. Ils permettent aux habitants sans local v\u00e9lo de prot\u00e9ger leur v\u00e9lo des vols et des intemp\u00e9ries.<\/p>\n<p>    <strong>M\u00e9tropole de Lyon<\/strong>\n            <\/p><\/blockquote>\n<p class=\" wall-content\">Pour cette solution nomm\u00e9e \u00ab\u00a0Park v\u00e9lo\u00a0\u00bb, il faut souscrire \u00e0 un abonnement de <strong>90 euros par an<\/strong>.<\/p>\n<p>Des places de parking supprim\u00e9es<\/p>\n<p class=\" wall-content\">Pour installer ces grosses boites m\u00e9talliques, sur lesquelles tous les cyclistes, abonn\u00e9s ou non, peuvent retrouver une pompe en libre-service, il a fallu supprimer des places de parking.<\/p>\n<p class=\" wall-content\">La plupart des box ont remplac\u00e9<strong> une \u00e0 deux places<\/strong> de stationnement automobile selon l\u2019emplacement reconnait la collectivit\u00e9.<\/p>\n<p class=\" wall-content\">Chaque unit\u00e9 d\u2019une capacit\u00e9 de huit places co\u00fbte environ <strong>20 000 euros<\/strong>, installation comprise.<\/p>\n<p>Votre r\u00e9gion, votre actu !<\/p>\n<p>Recevez chaque jour les infos qui comptent pour vous.<\/p>\n<p>\t<a href=\"https:\/\/actu.fr\/newsletter\" class=\"ac-btn ac-btn--corner ac-btn--medium ac-btn--blue800\" target=\"_blank\" rel=\"noopener\">S&rsquo;incrire<\/a><br \/>\nUn taux d\u2019occupation encore moyen<\/p>\n<p class=\" wall-content\">Reste \u00e0 savoir si cette m\u00e9thode est pl\u00e9biscit\u00e9e par les usagers.<\/p>\n<p class=\" wall-content\">Selon nos informations, ce sont aujourd\u2019hui pr\u00e8s de<strong> 300 usagers<\/strong> qui ont choisi de garer leurs v\u00e9los dans ces boxs. Soit un <strong>taux d\u2019occupation de 61% <\/strong>d\u2019apr\u00e8s la M\u00e9tropole de Lyon.<\/p>\n<p class=\" wall-content\">Ce qui fait fortement douter certains opposants politiques aux \u00e9cologistes, \u00e0 commencer par le maire du 2\u1d49 arrondissement de Lyon Pierre Oliver qui a r\u00e9cemment rejoint le clan de <a href=\"https:\/\/actu.fr\/tag\/jean-michel-aulas\" target=\"_blank\" rel=\"noopener\">Jean-Michel Aulas<\/a>.<\/p>\n<blockquote class=\"ac-article-quote wall-content\">\n<p>Dans le quartier de Perrache &#8211; Confluence, les \u00e9cologistes ont d\u00e9cid\u00e9 d&rsquo;en installer trois. \u00c0 ce stade, nous avons constat\u00e9 que sur ces boxs, il n&rsquo;y a que deux v\u00e9los pour tout le quartier. \u00c7a veut dire donc qu&rsquo;il y a un taux de remplissage de 8%.<\/p>\n<p>    <strong>Pierre Oliver\u00a0<\/strong><br \/>\n        Maire LR du 2e arrondissement de Lyon    <\/p><\/blockquote>\n<p class=\" wall-content\"><a href=\"https:\/\/www.instagram.com\/pierreoliver69\/reel\/DP4IqRlDDbF\/embed\" title=\"Ouvrir le lien sur Instagram\" target=\"_blank\" rel=\"noopener\">Visualiser le contenu sur Instagram<\/a><\/p>\n<p>Pas de nouvelle installation<\/p>\n<p class=\" wall-content\">\u00ab\u00a0On a encore une marge de progression\u00a0\u00bb, explique de son c\u00f4t\u00e9 <a href=\"https:\/\/actu.fr\/auvergne-rhone-alpes\/lyon_69123\/lyon-des-bancs-qui-font-reagir-rue-de-la-republique-la-metropole-defend-son-idee_62958320.html\" target=\"_blank\" rel=\"noopener\">Fabien Bagnon<\/a>, vice-pr\u00e9sident de la M\u00e9tropole de Lyon en charge des mobilit\u00e9s.<\/p>\n<p class=\" wall-content\">Interrog\u00e9 sur cette solution, qui intervient alors que les autorit\u00e9s n\u2019arrivent pas \u00e0 faire <strong>chuter les vols de v\u00e9los<\/strong>, l\u2019\u00e9lu r\u00e9pond : \u00ab\u00a0Id\u00e9alement, on n\u2019aurait plus besoin de box, mais on n\u2019est pas encore dans cette soci\u00e9t\u00e9-l\u00e0\u00a0\u00bb.<\/p>\n<p class=\" wall-content\">Il \u00e9voque ainsi un syst\u00e8me utile \u00ab\u00a0pour les personnes qui n\u2019ont pas d\u2019endroit s\u00fbr o\u00f9 laisser leur v\u00e9lo la nuit\u00a0\u00bb.\u00a0<\/p>\n<p class=\" wall-content\">Toutefois, \u00e0 ce stade, il n\u2019est pas pr\u00e9vu de nouvelle installation de box dans la m\u00e9tropole.<\/p>\n<p class=\" wall-content\">Personnalisez votre actualit\u00e9 en ajoutant vos villes et m\u00e9dias en favori avec <a href=\"https:\/\/moncompte.actu.fr\" title=\"D\u00e9couvez Mon Actu\" rel=\"nofollow noopener\" data-trk=\"{&quot;cta&quot;:{&quot;action&quot;:&quot;https:\\\/\\\/moncompte.actu.fr&quot;,&quot;category&quot;:&quot;mon compte&quot;,&quot;from&quot;:&quot;article footer&quot;,&quot;name&quot;:&quot;Mon actu&quot;,&quot;type&quot;:&quot;cta&quot;}}\" target=\"_blank\">Mon Actu<\/a>.<\/p>\n<p>                    <script async src=\"\/\/www.instagram.com\/embed.js\"><\/script><\/p>\n","protected":false},"excerpt":{"rendered":"Par Julien Damboise Publi\u00e9 le 21 oct. 2025 \u00e0 18h29 Depuis l\u2019\u00e9t\u00e9 2024, la M\u00e9tropole de Lyon a&hellip;\n","protected":false},"author":2,"featured_media":479931,"comment_status":"","ping_status":"","sticky":false,"template":"","format":"standard","meta":{"footnotes":""},"categories":[1889],"tags":[1111,11,2430,1777,674,1011,27,2825,2428,12,25,104,208],"class_list":{"0":"post-479930","1":"post","2":"type-post","3":"status-publish","4":"format-standard","5":"has-post-thumbnail","7":"category-lyon","8":"tag-actu","9":"tag-actualites","10":"tag-auvergne-rhone-alpes","11":"tag-eu","12":"tag-europe","13":"tag-fr","14":"tag-france","15":"tag-insecurite","16":"tag-lyon","17":"tag-news","18":"tag-republique-francaise","19":"tag-societe","20":"tag-velo"},"share_on_mastodon":{"url":"https:\/\/pubeurope.com\/@fr\/115413186279335741","error":""},"_links":{"self":[{"href":"https:\/\/www.europesays.com\/fr\/wp-json\/wp\/v2\/posts\/479930","targetHints":{"allow":["GET"]}}],"collection":[{"href":"https:\/\/www.europesays.com\/fr\/wp-json\/wp\/v2\/posts"}],"about":[{"href":"https:\/\/www.europesays.com\/fr\/wp-json\/wp\/v2\/types\/post"}],"author":[{"embeddable":true,"href":"https:\/\/www.europesays.com\/fr\/wp-json\/wp\/v2\/users\/2"}],"replies":[{"embeddable":true,"href":"https:\/\/www.europesays.com\/fr\/wp-json\/wp\/v2\/comments?post=479930"}],"version-history":[{"count":0,"href":"https:\/\/www.europesays.com\/fr\/wp-json\/wp\/v2\/posts\/479930\/revisions"}],"wp:featuredmedia":[{"embeddable":true,"href":"https:\/\/www.europesays.com\/fr\/wp-json\/wp\/v2\/media\/479931"}],"wp:attachment":[{"href":"https:\/\/www.europesays.com\/fr\/wp-json\/wp\/v2\/media?parent=479930"}],"wp:term":[{"taxonomy":"category","embeddable":true,"href":"https:\/\/www.europesays.com\/fr\/wp-json\/wp\/v2\/categories?post=479930"},{"taxonomy":"post_tag","embeddable":true,"href":"https:\/\/www.europesays.com\/fr\/wp-json\/wp\/v2\/tags?post=479930"}],"curies":[{"name":"wp","href":"https:\/\/api.w.org\/{rel}","templated":true}]}}