{"id":479934,"date":"2025-10-21T16:51:12","date_gmt":"2025-10-21T16:51:12","guid":{"rendered":"https:\/\/www.europesays.com\/fr\/479934\/"},"modified":"2025-10-21T16:51:12","modified_gmt":"2025-10-21T16:51:12","slug":"tornade-dans-le-val-doise-la-region-debloque-un-million-deuros-daide-durgence","status":"publish","type":"post","link":"https:\/\/www.europesays.com\/fr\/479934\/","title":{"rendered":"Tornade dans le Val-d\u2019Oise\u00a0: la r\u00e9gion d\u00e9bloque un million d\u2019euros d\u2019aide d\u2019urgence"},"content":{"rendered":"<p class=\"paragraph text_align_left lp-f-body-02\">Au lendemain de la <a href=\"https:\/\/www.leparisien.fr\/val-d-oise-95\/grues-effondrees-toitures-arrachees-voitures-retournees-une-tornade-fait-dimportants-degats-dans-le-val-doise-20-10-2025-6USTPPYOFFHZNHJ5RGSVRTWLIU.php\" target=\"_blank\" rel=\"noreferrer noopener\">tornade meurtri\u00e8re<\/a> qui a frapp\u00e9 le Val-d\u2019Oise, l\u2019aide concr\u00e8te se met en place. Val\u00e9rie P\u00e9cresse s\u2019est d\u00e9plac\u00e9e ce mardi 21 octobre sur le terrain pour annoncer le d\u00e9blocage d\u2019un million d\u2019euros d\u2019aide d\u2019urgence.<\/p>\n<p class=\"paragraph text_align_left lp-f-body-02\">La pr\u00e9sidente de la r\u00e9gion \u00cele-de-France a arpent\u00e9 les rues d\u00e9vast\u00e9es d\u2019Ermont, d\u2019Eaubonne et des autres communes sinistr\u00e9es pour constater l\u2019ampleur des d\u00e9g\u00e2ts caus\u00e9s par cette tornade exceptionnelle. Un \u00e9v\u00e9nement climatique qui a fait un mort, un homme de 23 ans tu\u00e9 sur son chantier, et quatre bless\u00e9s graves lundi soir, vers 17h45.<\/p>\n<p class=\"paragraph text_align_left lp-f-body-02\">\u00ab Je viens ici pour exprimer ma solidarit\u00e9, et celle de la r\u00e9gion \u00cele-de-France, aupr\u00e8s des habitants et des \u00e9lus victimes de cette dramatique tornade \u00bb, a d\u00e9clar\u00e9 Val\u00e9rie P\u00e9cresse. Cette tornade est \u00e0 l\u2019origine du <a href=\"https:\/\/www.leparisien.fr\/val-d-oise-95\/tornade-meurtriere-dans-le-val-doise-un-premier-deces-en-france-depuis-17-ans-21-10-2025-75INPQIINZBCLBEFY4URO4SOPU.php\" target=\"_blank\" rel=\"noreferrer noopener\">premier d\u00e9c\u00e8s li\u00e9 \u00e0 ce ph\u00e9nom\u00e8ne<\/a> m\u00e9t\u00e9orologique en France depuis 17 ans, la derni\u00e8re remontant \u00e0 ao\u00fbt 2008 dans le Nord.<\/p>\n<p>1 300 foyers encore priv\u00e9s d\u2019\u00e9lectricit\u00e9<\/p>\n<p class=\"paragraph text_align_left lp-f-body-02\">Face aux destructions majeures observ\u00e9es dans 11 communes, la pr\u00e9sidente r\u00e9gionale a annonc\u00e9 le d\u00e9blocage d\u2019une aide d\u2019urgence d\u2019un million d\u2019euros lors de la prochaine commission permanente. Cette enveloppe doit permettre aux maires de \u00ab <a href=\"https:\/\/www.leparisien.fr\/val-d-oise-95\/ce-sont-des-charognards-apres-la-tornade-mortelle-du-val-doise-le-ballet-des-faux-couvreurs-a-commence-21-10-2025-V2Q4OY4I2VAD3M3WS47R3TVZBE.php\" target=\"_blank\" rel=\"noreferrer noopener\">reconstruire et effacer les d\u00e9g\u00e2ts<\/a> \u00bb.<\/p>\n<p class=\"lp-card-podcast-highlighting__title  lp-f-subtitle-05\">[2\/2] Drogues dures et corps plong\u00e9 dans l\u2019acide\u00a0: la d\u00e9rive sordide de deux \u00e9tudiants brillants<\/p>\n<p class=\"lp-card-podcast-highlighting__description lp-f-ui-05\">Crime story raconte chaque semaine les grandes affaires criminelles.<\/p>\n<p><a class=\"lp-card-podcast-highlighting__call-to-action\" data-page-type=\"HP\" data-block-name=\"podcast-highlight\">\u00c9couter<\/a><\/p>\n<p class=\"paragraph text_align_left lp-f-body-02\">Au-del\u00e0 de l\u2019aide financi\u00e8re, la r\u00e9gion a identifi\u00e9 des solutions concr\u00e8tes pour les \u00e9tablissements scolaires touch\u00e9s. Des b\u00e2timents modulaires disponibles dans un lyc\u00e9e francilien pourraient \u00eatre d\u00e9mont\u00e9s pendant les vacances de Toussaint et red\u00e9ploy\u00e9s sur place pour la rentr\u00e9e des classes.<\/p>\n<p class=\"paragraph text_align_left lp-f-body-02\">La pr\u00e9sidente a \u00e9galement pris contact avec Roland Lescure, ministre de l\u2019\u00c9conomie et des Finances, pour r\u00e9tablir rapidement l\u2019\u00e9lectricit\u00e9 aux 1 300 foyers encore priv\u00e9s de courant.<\/p>\n<blockquote class=\"twitter-tweet\">\n<p lang=\"fr\" dir=\"ltr\">\ud83d\udc49Durant la journ\u00e9e, d\u2019importants travaux ont eu lieu sur l\u2019axe Nord de la ligne. Les agents sp\u00e9cialis\u00e9s ont r\u00e9par\u00e9 la cat\u00e9naire et retir\u00e9 les obstacles qui obstruaient les voies.<\/p>\n<p>\u2014 RER C (@RERC_SNCF) <a href=\"https:\/\/twitter.com\/RERC_SNCF\/status\/1980666876167614766?ref_src=twsrc%5Etfw\" target=\"_blank\" rel=\"noopener\">October 21, 2025<\/a><\/p><\/blockquote>\n<p class=\"paragraph text_align_left lp-f-body-02\">Les transports publics restent fortement perturb\u00e9s. Les lignes <a href=\"https:\/\/www.leparisien.fr\/info-paris-ile-de-france-oise\/transports\/tornade-mortelle-dans-le-val-doise-le-trafic-toujours-interrompu-sur-une-partie-des-lignes-c-et-h-21-10-2025-AG2BK7ZN2JBJHB4JJHPZWTSFLY.php\" target=\"_blank\" rel=\"noreferrer noopener\">RER C et H ont \u00e9t\u00e9 fortement impact\u00e9es<\/a>, n\u00e9cessitant d\u2019importants travaux sur l\u2019axe Nord des lignes durant la journ\u00e9e de mardi. Si le trafic a repris comme pr\u00e9vu \u00e0 18 heures mardi soir, il restait \u00ab fortement perturb\u00e9 \u00bb. Le r\u00e9seau de bus de la Vall\u00e9e de Montmorency demeure lui aussi perturb\u00e9 pr\u00e9cise la r\u00e9gion.<\/p>\n<p>Des secours mobilis\u00e9s massivement<\/p>\n<p class=\"paragraph text_align_left lp-f-body-02\">Val\u00e9rie P\u00e9cresse a salu\u00e9 la mobilisation des forces de secours et des agents des collectivit\u00e9s locales. Lundi soir, 80 pompiers et 50 policiers \u00e9taient d\u00e9ploy\u00e9s sur le terrain, notamment \u00e0 Ermont o\u00f9 le quartier des Esp\u00e9rances a \u00e9t\u00e9 particuli\u00e8rement touch\u00e9.<\/p>\n<p class=\"paragraph text_align_left lp-f-body-02\">Le complexe sportif Gaston-Rebuffat a \u00e9t\u00e9 r\u00e9quisitionn\u00e9 pour accueillir les sinistr\u00e9s, tandis qu\u2019\u00e0 Eaubonne, une cellule de crise s\u2019est install\u00e9e au gymnase du Luat. L\u2019h\u00f4pital Simone-Veil d\u2019Eaubonne avait activ\u00e9 son plan Blanc pour pouvoir traiter les bless\u00e9s.<\/p>\n<p class=\"paragraph text_align_left lp-f-body-02\">Les images t\u00e9moignent de la violence de cette tornade, la plus destructrice depuis des d\u00e9cennies en \u00cele-de-France. <a href=\"https:\/\/www.leparisien.fr\/val-d-oise-95\/la-grue-est-tombee-a-deux-fenetres-de-chez-nous-a-ermont-les-habitants-sous-le-choc-apres-la-tempete-20-10-2025-QHPKFNJQIZBUBAZTDT3QY6WIQY.php\" target=\"_blank\" rel=\"noreferrer noopener\">Trois grues se sont effondr\u00e9es<\/a>, notamment sur l\u2019institut m\u00e9dico-\u00e9ducatif du Clos-Fleuri \u00e0 Ermont. Des toitures ont \u00e9t\u00e9 arrach\u00e9es, des voitures retourn\u00e9es et de nombreux arbres d\u00e9racin\u00e9s.<\/p>\n<p class=\"paragraph text_align_left lp-f-body-02\">Les espaces verts r\u00e9gionaux n\u2019ont pas \u00e9t\u00e9 \u00e9pargn\u00e9s. La butte du Parisis et le plateau d\u2019Andilly ont \u00e9t\u00e9 touch\u00e9s. \u00cele-de-France Nature proc\u00e8de depuis mardi matin \u00e0 l\u2019\u00e9valuation des d\u00e9g\u00e2ts et aux op\u00e9rations de s\u00e9curisation des sites.<\/p>\n<p class=\"paragraph text_align_left lp-f-body-02\">Cette tornade soudaine, non annonc\u00e9e par les pr\u00e9visions m\u00e9t\u00e9orologiques, a surpris par sa violence. Les habitants t\u00e9moignent encore de leur traumatisme, beaucoup ayant cru <a href=\"https:\/\/www.leparisien.fr\/val-d-oise-95\/je-croyais-que-cetait-la-fin-avec-les-sinistres-de-la-tornade-mortelle-qui-a-frappe-le-val-doise-21-10-2025-T53ZFZ4DC5HIBIQVU33QAY4TWU.php\" target=\"_blank\" rel=\"noreferrer noopener\">\u00ab que c\u2019\u00e9tait la fin \u00bb<\/a> selon les t\u00e9moignages recueillis sur place.<\/p>\n<p><script async src=\"https:\/\/platform.twitter.com\/widgets.js\" charset=\"utf-8\"><\/script><\/p>\n","protected":false},"excerpt":{"rendered":"Au lendemain de la tornade meurtri\u00e8re qui a frapp\u00e9 le Val-d\u2019Oise, l\u2019aide concr\u00e8te se met en place. Val\u00e9rie&hellip;\n","protected":false},"author":2,"featured_media":479935,"comment_status":"","ping_status":"","sticky":false,"template":"","format":"standard","meta":{"footnotes":""},"categories":[1592],"tags":[1111,11,1777,674,118,1011,27,662,12,626,25,2955],"class_list":{"0":"post-479934","1":"post","2":"type-post","3":"status-publish","4":"format-standard","5":"has-post-thumbnail","7":"category-ile-de-france","8":"tag-actu","9":"tag-actualites","10":"tag-eu","11":"tag-europe","12":"tag-faits-divers","13":"tag-fr","14":"tag-france","15":"tag-ile-de-france","16":"tag-news","17":"tag-paris","18":"tag-republique-francaise","19":"tag-videos"},"share_on_mastodon":{"url":"https:\/\/pubeurope.com\/@fr\/115413194172090201","error":""},"_links":{"self":[{"href":"https:\/\/www.europesays.com\/fr\/wp-json\/wp\/v2\/posts\/479934","targetHints":{"allow":["GET"]}}],"collection":[{"href":"https:\/\/www.europesays.com\/fr\/wp-json\/wp\/v2\/posts"}],"about":[{"href":"https:\/\/www.europesays.com\/fr\/wp-json\/wp\/v2\/types\/post"}],"author":[{"embeddable":true,"href":"https:\/\/www.europesays.com\/fr\/wp-json\/wp\/v2\/users\/2"}],"replies":[{"embeddable":true,"href":"https:\/\/www.europesays.com\/fr\/wp-json\/wp\/v2\/comments?post=479934"}],"version-history":[{"count":0,"href":"https:\/\/www.europesays.com\/fr\/wp-json\/wp\/v2\/posts\/479934\/revisions"}],"wp:featuredmedia":[{"embeddable":true,"href":"https:\/\/www.europesays.com\/fr\/wp-json\/wp\/v2\/media\/479935"}],"wp:attachment":[{"href":"https:\/\/www.europesays.com\/fr\/wp-json\/wp\/v2\/media?parent=479934"}],"wp:term":[{"taxonomy":"category","embeddable":true,"href":"https:\/\/www.europesays.com\/fr\/wp-json\/wp\/v2\/categories?post=479934"},{"taxonomy":"post_tag","embeddable":true,"href":"https:\/\/www.europesays.com\/fr\/wp-json\/wp\/v2\/tags?post=479934"}],"curies":[{"name":"wp","href":"https:\/\/api.w.org\/{rel}","templated":true}]}}