{"id":479945,"date":"2025-10-21T16:57:12","date_gmt":"2025-10-21T16:57:12","guid":{"rendered":"https:\/\/www.europesays.com\/fr\/479945\/"},"modified":"2025-10-21T16:57:12","modified_gmt":"2025-10-21T16:57:12","slug":"larmee-reconnait-pour-la-premiere-fois-des-combats-dans-le-centre-ville-de-pokrovsk","status":"publish","type":"post","link":"https:\/\/www.europesays.com\/fr\/479945\/","title":{"rendered":"l\u2019arm\u00e9e reconna\u00eet pour la premi\u00e8re fois des combats dans le centre-ville de Pokrovsk"},"content":{"rendered":"<p>\n    La cit\u00e9 de 60.000 habitants avant l\u2019invasion \u00e0 grande \u00e9chelle concentre une partie des efforts russes depuis plusieurs mois. Sa perte pourrait ouvrir aux occupants la porte de la partie du Donbass encore sous contr\u00f4le ukrainien.<\/p>\n<p class=\"fig-paragraph\">L\u2019arm\u00e9e ukrainienne reconna\u00eet, pour la premi\u00e8re fois, des combats en cours dans\u00a0<a href=\"http:\/\/www.lefigaro.fr\/international\/guerre-en-ukraine-les-russes-percent-les-nouvelles-lignes-ukrainiennes-au-nord-de-pokrovsk-20250812\" target=\"_blank\" data-fig-type=\"NewsFlash\" rel=\"noopener\" data-gtm-custom-categorie=\"navigation\" data-gtm-custom-action=\"crossclick\" data-gtm-custom-label=\"Contextuel\" data-gtm-event=\"customEventSPE\" data-fig-domain=\"LEFIGARO\">le centre-ville de Pokrovsk<\/a>, une ville de 60.000 habitants avant l\u2019invasion \u00e0 grande \u00e9chelle, ancien hub logistique et v\u00e9ritable point de fixation depuis plusieurs mois. \u00abR\u00e9cemment, un groupe de reconnaissance et de sabotage ennemi a r\u00e9ussi \u00e0 p\u00e9n\u00e9trer dans le centre de Pokrovsk. Au cours de cette op\u00e9ration, les Russes ont, malheureusement, viol\u00e9 le droit humanitaire international et tu\u00e9 quelques habitants de la ville. Cela s\u2019est produit dans le quartier de la gare\u00bb, explique le 7e corps de d\u00e9ploiement rapide des forces a\u00e9roport\u00e9es ukrainiennes\u00a0<a href=\"https:\/\/www.facebook.com\/7CorpsDSHV\" target=\"_blank\" rel=\"sponsored noopener\" data-gtm-custom-categorie=\"navigation\" data-gtm-custom-action=\"crossclick\" data-gtm-custom-label=\"Contextuel\" data-gtm-event=\"customEventSPE\">dans une publication sur sa page Facebook, dat\u00e9e d\u2019hier<\/a> .<\/p>\n<p class=\"fig-paragraph\">Une vid\u00e9o montre une frappe de drone sur un b\u00e2timent. L\u2019unit\u00e9 \u00aba identifi\u00e9 l\u2019ennemi et \u00e9limin\u00e9 les occupants qui se cachaient actuellement dans l\u2019un des locaux de la gare\u00bb, annonce-t-elle. \u00abDes groupes sp\u00e9ciaux effectuent un contr\u00f4le continu des points d\u2019infiltration possibles dans la ville et patrouillent intens\u00e9ment dans la ville\u00bb, ajoute-t-elle. Toutefois, elle reconna\u00eet une situation militaire tendue. Les Russes auraient \u00abconsid\u00e9rablement augment\u00e9 le nombre de frappes de bombes KAB sur [les sites] logistiques en utilisant l\u2019aviation\u00bb. \u00ab372 bombes a\u00e9riennes les 13-19 octobre contre 220 bombes a\u00e9riennes les 6-12 octobre\u00bb, d\u00e9compte-t-elle.<\/p>\n<p>                                    <a class=\"fig-a11y-skip a11y-hidden\" href=\"#fig-a11y-skip-main-inarticle\"><br \/>\n        Passer la publicit\u00e9<br \/>\n    <\/a><\/p>\n<p>Situation \u00abla plus tendue\u00bb \u00e0 Pokrovsk<\/p>\n<p class=\"fig-paragraph\">Volodymyr Zelensky a reconnu que la situation \u00abla plus tendue\u00bb du front pour son arm\u00e9e se situe pr\u00e8s des\u00a0<a href=\"http:\/\/www.lefigaro.fr\/international\/guerre-en-ukraine-les-ukrainiens-parviennent-a-endiguer-la-poussee-russe-vers-dobropillia-20250818\" target=\"_blank\" data-fig-type=\"NewsFlash\" rel=\"noopener\" data-gtm-custom-categorie=\"navigation\" data-gtm-custom-action=\"crossclick\" data-gtm-custom-label=\"Contextuel\" data-gtm-event=\"customEventSPE\" data-fig-domain=\"LEFIGARO\">villes de Dobropillia<\/a>\u00a0et de Pokrovsk (r\u00e9gion de Donetsk), dans son allocution de fin de semaine derni\u00e8re. \u00abLes Russes ont surtout exerc\u00e9 une pression constante qui commence \u00e0 payer. Les Ukrainiens seront oblig\u00e9s de reculer s\u2019ils ne veulent pas \u00eatre enferm\u00e9s dans une nasse russe. La d\u00e9cision est d\u00e9sormais politique\u00bb, avance une source militaire, pourtant souvent prudente. Pokrovsk servait de hub logistique pour l\u2019arm\u00e9e ukrainienne dans les combats du Donbass. Les Russes n\u2019ont eu de cesse de progresser depuis plusieurs mois afin de l\u2019encercler. Pour l\u2019heure, la ville se situe dans une \u00abzone grise\u00bb, un endroit dont la possession est difficile \u00e0 attribuer tant les combats y sont intenses, bien que parfois irr\u00e9guliers.<\/p>\n<p class=\"fig-paragraph\">La Russie contr\u00f4lait d\u00e9j\u00e0 les plaines alentours de Pokrovsk, mais peinait \u00e0 atteindre le centre-ville, plus facilement d\u00e9fendable en raison des b\u00e2timents et du relief urbain plus propice \u00e0 la d\u00e9fense. Une situation d\u00e9j\u00e0 rencontr\u00e9e \u00e0 Bakhmout en 2022-2023. En ao\u00fbt, une perc\u00e9e surprise au nord, pr\u00e8s de la ville de Dobropilla avait surpris les Ukrainiens, car les Russes entraient alors dans une zone o\u00f9 les d\u00e9fenses \u00e9taient moins importantes. Kiev avait d\u00fb d\u00e9p\u00eacher en urgence des unit\u00e9s pour repousser ces diff\u00e9rents groupes. Si la situation au nord avait pu \u00eatre stabilis\u00e9e, au sud les Russes ont avanc\u00e9 difficilement mais s\u00fbrement dans les localit\u00e9s de Pishchane, Zvirove, puis Shevchenko.<\/p>\n<p class=\"fig-paragraph\">Plus g\u00e9n\u00e9ralement, les Russes se concentrent \u00e9galement sur la ville de\u00a0<a href=\"http:\/\/www.lefigaro.fr\/international\/dans-le-donbass-l-armee-ukrainienne-s-accroche-a-ses-dernieres-forteresses-urbaines-le-recit-de-l-envoyee-speciale-du-figaro-20250819\" target=\"_blank\" data-fig-type=\"Article\" rel=\"noopener\" data-gtm-custom-categorie=\"navigation\" data-gtm-custom-action=\"crossclick\" data-gtm-custom-label=\"Contextuel\" data-gtm-event=\"customEventSPE\" data-fig-domain=\"LEFIGARO\">Kostiantynivka<\/a>, \u00e0 cinquante kilom\u00e8tres au nord. La prise de cette derni\u00e8re ouvrirait la porte de\u00a0<a href=\"http:\/\/www.lefigaro.fr\/international\/dur-de-retourner-au-combat-ensuite-en-ukraine-femmes-et-soldats-se-retrouvent-le-temps-d-une-permission-a-kramatorsk-20250310\" target=\"_blank\" data-fig-type=\"Article\" rel=\"noopener\" data-gtm-custom-categorie=\"navigation\" data-gtm-custom-action=\"crossclick\" data-gtm-custom-label=\"Contextuel\" data-gtm-event=\"customEventSPE\" data-fig-domain=\"LEFIGARO\">Kramatorsk et Sloviansk,<\/a>\u00a0deux cit\u00e9s de plus de 100 000 habitants avant la guerre, et donc au contr\u00f4le de la quasi-totalit\u00e9 du Donbass, un objectif strat\u00e9gique pour Vladimir Poutine. Dans l\u2019appel t\u00e9l\u00e9phonique qu\u2019il a demand\u00e9 \u00e0 Donald Trump jeudi, il a propos\u00e9 un accord. Les exigences russes sont s\u00e9v\u00e8res\u00a0: Kiev doit abandonner tout le Donbass qu\u2019elle contr\u00f4le encore en \u00e9change d\u2019un gel de la ligne de front au Sud. Les deux pr\u00e9sidents ont pr\u00e9vu de se retrouver \u00e0 Budapest, ville o\u00f9 fut sign\u00e9 un m\u00e9morandum en 1994 o\u00f9 la Russie s\u2019engageait \u00e0 respecter les fronti\u00e8res ukrainiennes.<\/p>\n","protected":false},"excerpt":{"rendered":"La cit\u00e9 de 60.000 habitants avant l\u2019invasion \u00e0 grande \u00e9chelle concentre une partie des efforts russes depuis plusieurs&hellip;\n","protected":false},"author":2,"featured_media":479946,"comment_status":"","ping_status":"","sticky":false,"template":"","format":"standard","meta":{"footnotes":""},"categories":[1590],"tags":[11,8998,1777,674,131,12,220],"class_list":{"0":"post-479945","1":"post","2":"type-post","3":"status-publish","4":"format-standard","5":"has-post-thumbnail","7":"category-ukraine","8":"tag-actualites","9":"tag-donbass","10":"tag-eu","11":"tag-europe","12":"tag-guerre-en-ukraine","13":"tag-news","14":"tag-ukraine"},"share_on_mastodon":{"url":"https:\/\/pubeurope.com\/@fr\/115413217735844836","error":""},"_links":{"self":[{"href":"https:\/\/www.europesays.com\/fr\/wp-json\/wp\/v2\/posts\/479945","targetHints":{"allow":["GET"]}}],"collection":[{"href":"https:\/\/www.europesays.com\/fr\/wp-json\/wp\/v2\/posts"}],"about":[{"href":"https:\/\/www.europesays.com\/fr\/wp-json\/wp\/v2\/types\/post"}],"author":[{"embeddable":true,"href":"https:\/\/www.europesays.com\/fr\/wp-json\/wp\/v2\/users\/2"}],"replies":[{"embeddable":true,"href":"https:\/\/www.europesays.com\/fr\/wp-json\/wp\/v2\/comments?post=479945"}],"version-history":[{"count":0,"href":"https:\/\/www.europesays.com\/fr\/wp-json\/wp\/v2\/posts\/479945\/revisions"}],"wp:featuredmedia":[{"embeddable":true,"href":"https:\/\/www.europesays.com\/fr\/wp-json\/wp\/v2\/media\/479946"}],"wp:attachment":[{"href":"https:\/\/www.europesays.com\/fr\/wp-json\/wp\/v2\/media?parent=479945"}],"wp:term":[{"taxonomy":"category","embeddable":true,"href":"https:\/\/www.europesays.com\/fr\/wp-json\/wp\/v2\/categories?post=479945"},{"taxonomy":"post_tag","embeddable":true,"href":"https:\/\/www.europesays.com\/fr\/wp-json\/wp\/v2\/tags?post=479945"}],"curies":[{"name":"wp","href":"https:\/\/api.w.org\/{rel}","templated":true}]}}