{"id":479947,"date":"2025-10-21T16:58:10","date_gmt":"2025-10-21T16:58:10","guid":{"rendered":"https:\/\/www.europesays.com\/fr\/479947\/"},"modified":"2025-10-21T16:58:10","modified_gmt":"2025-10-21T16:58:10","slug":"entre-australie-et-etats-unis-un-accord-sur-les-terres-rares-pour-contourner-la-chine","status":"publish","type":"post","link":"https:\/\/www.europesays.com\/fr\/479947\/","title":{"rendered":"Entre Australie et \u00c9tats-Unis, un accord sur les terres rares pour \u201ccontourner\u201d la Chine"},"content":{"rendered":"\n<p>\u201cAlbanese a obtenu tout ce qu\u2019il souhaitait et plus encore\u201d, <a class=\"ithalc\" data-ithal=\"lien_externe\" data-ithalc=\"[nav_article]\" target=\"_blank\" href=\"https:\/\/www.smh.com.au\/politics\/federal\/albanese-got-everything-he-wanted-from-meeting-trump-and-more-20251021-p5n3ym.html\" rel=\"noopener\">salue <strong>The Sydney Morning Herald<\/strong><\/a><strong>, <\/strong>au lendemain du face-\u00e0-face tant attendu entre le Premier ministre australien et le pr\u00e9sident am\u00e9ricain, Donald Trump, qui s\u2019est tenu le 20\u00a0octobre \u00e0 la Maison-Blanche.<\/p>\n<p>Une rencontre entre les deux hommes, pr\u00e9vue lors du dernier sommet du G7\u00a0au Canada, avait \u00e9t\u00e9 annul\u00e9e au dernier moment, l\u2019opposition australienne y voyant un camouflet pour Anthony Albanese. Mais attendre valait sans doute le coup, tant leur entrevue \u00e0 Washington ressemble \u00e0 un triomphe pour le Premier ministre australien, qui a rencontr\u00e9 un Donald Trump au meilleur de sa forme, <a class=\"ithalc\" data-ithal=\"lien_externe\" data-ithalc=\"[nav_article]\" target=\"_blank\" href=\"https:\/\/www.theguardian.com\/australia-news\/2025\/oct\/21\/diplomatic-triumph-or-capitulation-albanese-found-donald-trump-in-a-heavenly-mood-but-the-devil-may-be-in-the-detail\" rel=\"noopener\">souligne <strong>The Guardian<\/strong><\/a><strong>. <\/strong>\u201cL\u2019impr\u00e9visible et explosif Trump \u00e9tait \u00e9logieux, f\u00e9licitant Albanese comme \u2019un grand Premier ministre\u2019 et l\u2019Australie comme \u2019un alli\u00e9 magnifique\u2019\u201d, \u00e9crit le quotidien britannique.<\/p>\n<p>La r\u00e9putation de Anthony Albanese \u201cen sort renforc\u00e9e\u201d, estime The Sydney Morning Herald, qui applaudit la strat\u00e9gie de ce dernier \u201cvenu arm\u00e9 d\u2019un accord, et Trump, n\u00e9gociateur inv\u00e9t\u00e9r\u00e9, \u00e9tait plus qu\u2019heureux de sortir son stylo pr\u00e9sidentiel et de signer\u201d.<\/p>\n<p> Investissement de 13\u00a0milliards de dollars australiens <\/p>\n<p>L\u2019accord en question porte sur un investissement de 13\u00a0milliards de dollars australiens (7,3\u00a0milliards d\u2019euros) afin de permettre \u00e0 l\u2019Austr<\/p>\n","protected":false},"excerpt":{"rendered":"\u201cAlbanese a obtenu tout ce qu\u2019il souhaitait et plus encore\u201d, salue The Sydney Morning Herald, au lendemain du&hellip;\n","protected":false},"author":2,"featured_media":479948,"comment_status":"","ping_status":"","sticky":false,"template":"","format":"standard","meta":{"footnotes":""},"categories":[1589],"tags":[11,3822,6060,5035,73,1866,12469,12,2542,770,1864,1865,1863,308],"class_list":{"0":"post-479947","1":"post","2":"type-post","3":"status-publish","4":"format-standard","5":"has-post-thumbnail","7":"category-etats-unis","8":"tag-actualites","9":"tag-amu00e9riques","10":"tag-asie","11":"tag-australie","12":"tag-etats-unis","13":"tag-etats-unis-damerique","14":"tag-minerais","15":"tag-news","16":"tag-u00e9conomie","17":"tag-u00e9tats-unis","18":"tag-united-states","19":"tag-united-states-of-america","20":"tag-us","21":"tag-usa"},"share_on_mastodon":{"url":"https:\/\/pubeurope.com\/@fr\/115413221635229530","error":""},"_links":{"self":[{"href":"https:\/\/www.europesays.com\/fr\/wp-json\/wp\/v2\/posts\/479947","targetHints":{"allow":["GET"]}}],"collection":[{"href":"https:\/\/www.europesays.com\/fr\/wp-json\/wp\/v2\/posts"}],"about":[{"href":"https:\/\/www.europesays.com\/fr\/wp-json\/wp\/v2\/types\/post"}],"author":[{"embeddable":true,"href":"https:\/\/www.europesays.com\/fr\/wp-json\/wp\/v2\/users\/2"}],"replies":[{"embeddable":true,"href":"https:\/\/www.europesays.com\/fr\/wp-json\/wp\/v2\/comments?post=479947"}],"version-history":[{"count":0,"href":"https:\/\/www.europesays.com\/fr\/wp-json\/wp\/v2\/posts\/479947\/revisions"}],"wp:featuredmedia":[{"embeddable":true,"href":"https:\/\/www.europesays.com\/fr\/wp-json\/wp\/v2\/media\/479948"}],"wp:attachment":[{"href":"https:\/\/www.europesays.com\/fr\/wp-json\/wp\/v2\/media?parent=479947"}],"wp:term":[{"taxonomy":"category","embeddable":true,"href":"https:\/\/www.europesays.com\/fr\/wp-json\/wp\/v2\/categories?post=479947"},{"taxonomy":"post_tag","embeddable":true,"href":"https:\/\/www.europesays.com\/fr\/wp-json\/wp\/v2\/tags?post=479947"}],"curies":[{"name":"wp","href":"https:\/\/api.w.org\/{rel}","templated":true}]}}