{"id":479957,"date":"2025-10-21T17:03:14","date_gmt":"2025-10-21T17:03:14","guid":{"rendered":"https:\/\/www.europesays.com\/fr\/479957\/"},"modified":"2025-10-21T17:03:14","modified_gmt":"2025-10-21T17:03:14","slug":"bijoux-voles-au-louvre-les-diamants-mal-aimes-de-la-couronne-une-tragedie-franco-francaise-depuis-150-ans-le-figaro","status":"publish","type":"post","link":"https:\/\/www.europesays.com\/fr\/479957\/","title":{"rendered":"Bijoux vol\u00e9s au Louvre : les diamants mal-aim\u00e9s de la Couronne, une trag\u00e9die franco-fran\u00e7aise depuis 150 ans &#8211; Le Figaro"},"content":{"rendered":"<ol>\n<li><a href=\"https:\/\/news.google.com\/rss\/articles\/CBMivgFBVV95cUxPVzE3SV9DR0pYVzE1eXJqRzBSLXpTZ0UtdVFZNEo0S2FTcjhqQkhTcHhody14M180Zk8yeXNWVzQySEo1UUl4X055RTdKM1VUa2prb3FFeUloRkxvaGZQVVJVV3VSQWY2STFwWGdsMU5KSTM3WEJMTHlraGlRLWI5emdPcWFlc21UMkRoWnZ0c3dRNUFkSmJsS3BQLUhGd3VOVGZfMFNHV3NQS2lDWEVSRnkxNnJONkNDQkh0LTZB?oc=5\" target=\"_blank\" rel=\"noopener\">Bijoux vol\u00e9s au Louvre : les diamants mal-aim\u00e9s de la Couronne, une trag\u00e9die franco-fran\u00e7aise depuis 150 ans<\/a>&nbsp;&nbsp;Le Figaro<\/li>\n<li><a href=\"https:\/\/news.google.com\/rss\/articles\/CBMi2wFBVV95cUxQdHM5QkR4bmlkT1ZpR3dMT1pBakw5RnVPMnQxQUZwZ0F1SUtJN2VtelF5SG9hbmVLWTFBOHlxNjR1X1hidmVJTzJwZ0UxWmZNNHpIRWtkeUlFemZTNnV0bWdpZnBiOTk0Sm1ncWtmTHVpSmJVUklLQVFCd0NMUEhiMUdkMElDN29XYmNFblc5RDdMbDAza0VkMGVUa0RnSnlKZThzcFNRVUtDN1Y0M0Z5c1d5LTB2YXVpSzF1VXd2Z0JHeGVxUnUxcEttUzdFb1VwS3lWNHhmVzFKMTQ?oc=5\" target=\"_blank\" rel=\"noopener\">Le vol des joyaux de la Couronne au Louvre \u00ab d\u00e9passe m\u00eame celui de La Joconde en 1911 \u00bb, selon l\u2019historien Eric Anceau<\/a>&nbsp;&nbsp;Le Monde.fr<\/li>\n<li><a href=\"https:\/\/news.google.com\/rss\/articles\/CBMi2AFBVV95cUxNaWQwdHFybXJwM1R6MEJ0T0h2OEZndExnZEtxWDBaMWVXYkdod2phWkJPa1RIYjRYVS1tNHZxVXg2NjhPeFZZZGtWZGVnUXFQYlJBV3JpYmR4eVhNRDlJXzZTVXJidHdXZklCTWtRZG9RYkZ5QWtnZk9mRWhFMGYtaERLMlVRQ1FEQUlKTUtocnA1c284ZmhsemdmRW1URW1RWVJHdHhRRzBVQnlOSVNpclozakxELTQ1cU1US3JRUHlpT3V2RU94MFFNcS1Jb05YSDF2VlVUcko?oc=5\" target=\"_blank\" rel=\"noopener\">Apr\u00e8s le fiasco du cambriolage, la pr\u00e9sidente du Louvre a pr\u00e9sent\u00e9 sa d\u00e9mission, qui lui a \u00e9t\u00e9 refus\u00e9e<\/a>&nbsp;&nbsp;Le Figaro<\/li>\n<li><a href=\"https:\/\/news.google.com\/rss\/articles\/CBMi3wFBVV95cUxONzdzbHY5LVVfQU85bkpVTE03TEttT1I3M0U4NVh5dnN5SmdDMHlLZks4SkxBaW9IcVdKWGdoMW9JM05LYkRDUy1DUXc3cU9LUWp0RGFHRnBya2hrQzRPal9YeEtQZlhVcGMyWlJudlpnaElFc04tcHJiX2x4R3BZd2U0TS1TNEU0YzRocVBLenJTd29tX1lPWU9MbnRwZDRjYmQ2WGFwTG1QR0dBMEswdTN6NGdfQ2RhRHBkQjhrb05DMFRVNFNpXzR1cnRFN002cUhpZzY3VWNUNUg0RzZn?oc=5\" target=\"_blank\" rel=\"noopener\">\u00ab\u00a0Casse du si\u00e8cle\u00a0\u00bb au Louvre : ces bijoux ont appartenu \u00ab\u00a0\u00e0 ma grand-m\u00e8re\u00a0\u00bb, raconte le comte de Paris, bless\u00e9 par ce vol<\/a>&nbsp;&nbsp;La R\u00e9publique du Centre<\/li>\n<li><a href=\"https:\/\/news.google.com\/rss\/articles\/CBMisAFBVV95cUxPSmZvaWVWMG1mZnJ2Yk5adzFjWkwwY01BN2UtSnV2ZHBnRno3aGJ5eW00Y1VtS2xTZjYtSUhLUXgzZ2JJRDFfSzJjYzVWam01WG8wUUxTUkN1aENLdVJLdkc1dldpclVGMmtYSXloUDJWOU9sTGs4R3FVQWJOV25teW80aWFFdElWQXhtczJLVV8xWktIcGZTcm5WeWtsTUozOElZa05hZncxbDU5azVSYw?oc=5\" target=\"_blank\" rel=\"noopener\">Samuel Etienne se d\u00e9fend avec humour sur le cambriolage du Louvre<\/a>&nbsp;&nbsp;20 Minutes<\/li>\n<\/ol>\n","protected":false},"excerpt":{"rendered":"Bijoux vol\u00e9s au Louvre : les diamants mal-aim\u00e9s de la Couronne, une trag\u00e9die franco-fran\u00e7aise depuis 150 ans&nbsp;&nbsp;Le Figaro&hellip;\n","protected":false},"author":2,"featured_media":479958,"comment_status":"","ping_status":"","sticky":false,"template":"","format":"standard","meta":{"footnotes":""},"categories":[2],"tags":[11,1174,1011,27,11274,12,25],"class_list":{"0":"post-479957","1":"post","2":"type-post","3":"status-publish","4":"format-standard","5":"has-post-thumbnail","7":"category-actualites","8":"tag-actualites","9":"tag-cambriolage","10":"tag-fr","11":"tag-france","12":"tag-louvre","13":"tag-news","14":"tag-republique-francaise"},"share_on_mastodon":{"url":"https:\/\/pubeurope.com\/@fr\/115413241461231829","error":""},"_links":{"self":[{"href":"https:\/\/www.europesays.com\/fr\/wp-json\/wp\/v2\/posts\/479957","targetHints":{"allow":["GET"]}}],"collection":[{"href":"https:\/\/www.europesays.com\/fr\/wp-json\/wp\/v2\/posts"}],"about":[{"href":"https:\/\/www.europesays.com\/fr\/wp-json\/wp\/v2\/types\/post"}],"author":[{"embeddable":true,"href":"https:\/\/www.europesays.com\/fr\/wp-json\/wp\/v2\/users\/2"}],"replies":[{"embeddable":true,"href":"https:\/\/www.europesays.com\/fr\/wp-json\/wp\/v2\/comments?post=479957"}],"version-history":[{"count":0,"href":"https:\/\/www.europesays.com\/fr\/wp-json\/wp\/v2\/posts\/479957\/revisions"}],"wp:featuredmedia":[{"embeddable":true,"href":"https:\/\/www.europesays.com\/fr\/wp-json\/wp\/v2\/media\/479958"}],"wp:attachment":[{"href":"https:\/\/www.europesays.com\/fr\/wp-json\/wp\/v2\/media?parent=479957"}],"wp:term":[{"taxonomy":"category","embeddable":true,"href":"https:\/\/www.europesays.com\/fr\/wp-json\/wp\/v2\/categories?post=479957"},{"taxonomy":"post_tag","embeddable":true,"href":"https:\/\/www.europesays.com\/fr\/wp-json\/wp\/v2\/tags?post=479957"}],"curies":[{"name":"wp","href":"https:\/\/api.w.org\/{rel}","templated":true}]}}