{"id":479966,"date":"2025-10-21T17:10:16","date_gmt":"2025-10-21T17:10:16","guid":{"rendered":"https:\/\/www.europesays.com\/fr\/479966\/"},"modified":"2025-10-21T17:10:16","modified_gmt":"2025-10-21T17:10:16","slug":"get-to-know-zaccharie-risacher","status":"publish","type":"post","link":"https:\/\/www.europesays.com\/fr\/479966\/","title":{"rendered":"Get To Know : Zaccharie Risacher"},"content":{"rendered":"<p>L\u2019h\u00e9ritage familial \u00e9tait lourd \u00e0 porter mais Zaccharie Risacher a fait bien plus que le perp\u00e9tuer. Le fils de St\u00e9phane (124 s\u00e9lections, m\u00e9daille d\u2019argent aux Jeux de Sydney en 2000) poss\u00e8de un physique taill\u00e9 pour le basket de tr\u00e8s haut niveau. Longiligne, explosif, d\u00e9sormais plus musculeux apr\u00e8s sa saison rookie en NBA avec les Hawks, le num\u00e9ro un de la draft 2024 va assumer des responsabilit\u00e9s inhabituelles pour un joueur aussi jeune. Mais Fr\u00e9d\u00e9ric Fauthoux, qui l\u2019a accompagn\u00e9 \u00e0 Bourg-en-Bresse est conscient de pouvoir s\u2019appuyer sur un talent rare. Apr\u00e8s une premi\u00e8re exp\u00e9rience avec les Bleus \u00e9court\u00e9e par une blessure en f\u00e9vrier 2024, Risacher s&rsquo;impose d\u00e9j\u00e0 comme l&rsquo;un des leaders offensifs de la s\u00e9lection, \u00e0 20 ans seulement.<\/p><\/p>\n","protected":false},"excerpt":{"rendered":"L\u2019h\u00e9ritage familial \u00e9tait lourd \u00e0 porter mais Zaccharie Risacher a fait bien plus que le perp\u00e9tuer. Le fils&hellip;\n","protected":false},"author":2,"featured_media":479967,"comment_status":"","ping_status":"","sticky":false,"template":"","format":"standard","meta":{"footnotes":""},"categories":[1414],"tags":[1465,1464,1011,27,60],"class_list":{"0":"post-479966","1":"post","2":"type-post","3":"status-publish","4":"format-standard","5":"has-post-thumbnail","7":"category-basket","8":"tag-basket","9":"tag-basketball","10":"tag-fr","11":"tag-france","12":"tag-sports"},"share_on_mastodon":{"url":"https:\/\/pubeurope.com\/@fr\/115413268860130044","error":""},"_links":{"self":[{"href":"https:\/\/www.europesays.com\/fr\/wp-json\/wp\/v2\/posts\/479966","targetHints":{"allow":["GET"]}}],"collection":[{"href":"https:\/\/www.europesays.com\/fr\/wp-json\/wp\/v2\/posts"}],"about":[{"href":"https:\/\/www.europesays.com\/fr\/wp-json\/wp\/v2\/types\/post"}],"author":[{"embeddable":true,"href":"https:\/\/www.europesays.com\/fr\/wp-json\/wp\/v2\/users\/2"}],"replies":[{"embeddable":true,"href":"https:\/\/www.europesays.com\/fr\/wp-json\/wp\/v2\/comments?post=479966"}],"version-history":[{"count":0,"href":"https:\/\/www.europesays.com\/fr\/wp-json\/wp\/v2\/posts\/479966\/revisions"}],"wp:featuredmedia":[{"embeddable":true,"href":"https:\/\/www.europesays.com\/fr\/wp-json\/wp\/v2\/media\/479967"}],"wp:attachment":[{"href":"https:\/\/www.europesays.com\/fr\/wp-json\/wp\/v2\/media?parent=479966"}],"wp:term":[{"taxonomy":"category","embeddable":true,"href":"https:\/\/www.europesays.com\/fr\/wp-json\/wp\/v2\/categories?post=479966"},{"taxonomy":"post_tag","embeddable":true,"href":"https:\/\/www.europesays.com\/fr\/wp-json\/wp\/v2\/tags?post=479966"}],"curies":[{"name":"wp","href":"https:\/\/api.w.org\/{rel}","templated":true}]}}