{"id":479970,"date":"2025-10-21T17:12:14","date_gmt":"2025-10-21T17:12:14","guid":{"rendered":"https:\/\/www.europesays.com\/fr\/479970\/"},"modified":"2025-10-21T17:12:14","modified_gmt":"2025-10-21T17:12:14","slug":"max-verstappen-va-t-il-reussir-une-remontada-historique","status":"publish","type":"post","link":"https:\/\/www.europesays.com\/fr\/479970\/","title":{"rendered":"Max Verstappen va-t-il r\u00e9ussir une remontada historique\u00a0?"},"content":{"rendered":"<p>\n    <strong>ANALYSE<\/strong> &#8211; Totalement domin\u00e9 jusqu\u2019\u00e0 la fin ao\u00fbt, le N\u00e9erlandais s\u2019est relanc\u00e9 et peut croire \u00e0 un 5e\u00a0titre mondial d\u2019affil\u00e9e.<\/p>\n<p class=\"fig-paragraph\">\u00ab\u00a0Nous devrons \u00eatre parfaits jusqu\u2019\u00e0 la fin de la saison si nous voulons avoir une chance, mais, oui, remporter ce championnat est possible.\u00a0\u00bb Alors que jusqu\u2019\u00e0 pr\u00e9sent il refusait cat\u00e9goriquement d\u2019\u00e9voquer ne serait-ce m\u00eame que l\u2019hypoth\u00e8se d\u2019\u00eatre couronn\u00e9 le 7\u00a0d\u00e9cembre prochain \u00e0 Abu Dhabi,\u00a0<a href=\"http:\/\/www.lefigaro.fr\/sports\/formule-1\/formule-1-et-si-max-verstappen-reussissait-la-remontada-du-siecle-20250922\" data-fig-type=\"NewsFlash\" data-gtm-custom-categorie=\"navigation\" data-gtm-custom-action=\"crossclick\" data-gtm-custom-label=\"Contextuel\" data-gtm-event=\"customEventSPE\" data-fig-domain=\"LEFIGARO\" target=\"_blank\" rel=\"noopener\">Max Verstappen<\/a>\u00a0a brusquement chang\u00e9 son fusil d\u2019\u00e9paule dimanche soir. En s\u2019imposant d\u2019une main de ma\u00eetre \u00e0 Austin lors du\u00a0<a href=\"http:\/\/www.lefigaro.fr\/sports\/formule-1\/formule-1-max-verstappen-remporte-le-gp-des-etats-unis-et-se-rapproche-des-mclaren-au-classement-des-pilotes-20251019\" data-fig-type=\"NewsFlash\" data-gtm-custom-categorie=\"navigation\" data-gtm-custom-action=\"crossclick\" data-gtm-custom-label=\"Contextuel\" data-gtm-event=\"customEventSPE\" data-fig-domain=\"LEFIGARO\" target=\"_blank\" rel=\"noopener\">Grand Prix des \u00c9tats-Unis<\/a>, aussi bien lors du sprint que de la course, le N\u00e9erlandais a fait le plein de points et il envisage d\u00e9sormais la fin de saison comme \u00ab\u00a0tr\u00e8s excitante\u00a0\u00bb, et non plus comme un tapis rouge d\u00e9roul\u00e9 sous les roues des\u00a0<a href=\"http:\/\/www.lefigaro.fr\/sports\/formule-1\/formule-1-les-deux-mclaren-abandonnent-en-debut-de-sprint-du-gp-des-etats-unis-20251018\" data-fig-type=\"NewsFlash\" data-gtm-custom-categorie=\"navigation\" data-gtm-custom-action=\"crossclick\" data-gtm-custom-label=\"Contextuel\" data-gtm-event=\"customEventSPE\" data-fig-domain=\"LEFIGARO\" target=\"_blank\" rel=\"noopener\">McLaren<\/a>. \u00ab\u00a0C\u2019est extr\u00eamement serr\u00e9 et il faut faire attention \u00e0 chaque d\u00e9tail, \u00e0 chaque r\u00e9glage, pour faire la diff\u00e9rence, et c\u2019est ce que nous allons nous efforcer de faire sur les cinq derniers Grands Prix\u00a0\u00bb, ajoute le Batave, redevenu \u00ab\u00a0Max la Menace\u00a0\u00bb.<\/p>\n<p class=\"fig-paragraph\">Pourtant, le 31\u00a0ao\u00fbt dernier, en d\u00e9crochant sa 7e\u00a0victoire de la saison\u2026<\/p>\n<p class=\"fig-premium-paywall__infos\">\n        Cet article est r\u00e9serv\u00e9 aux abonn\u00e9s.        Il vous reste 83% \u00e0 d\u00e9couvrir.\n    <\/p>\n<p>                <img  data- alt=\"Le Figaro\" class=\"fig-img--complete fig-img\"\/><\/p>\n<p class=\"fig-premium-paywall__title\">Vous avez envie de lire la suite ?<\/p>\n<p class=\"fig-premium-paywall__subtitle\">D\u00e9bloquez tous les articles imm\u00e9diatement.<\/p>\n<p class=\"fig-premium-paywall__connect\">\n                D\u00e9j\u00e0 abonn\u00e9\u00a0?                <a class=\"fig-premium-paywall__connect-link\" href=\"https:\/\/connect.lefigaro.fr\/login?client=horizon_web&amp;type=main&amp;redirect_uri=https%3A%2F%2Fwww.lefigaro.fr%2Fsports%2Fformule-1%2Fformule-1-max-verstappen-va-t-il-reussir-une-remontada-historique-20251021\" data-js-gtm=\"{&quot;customCategorie&quot;: &quot;conversion&quot;, &quot;customAction&quot;: &quot;before_Landing_Connexion_paywall_auto&quot;, &quot;customLabel&quot;: &quot;bGVmaWdhcm8uZnJfXzFmMGFlN2YyLTNkOGMtNmZmMC04Yjk0LTA3MzU3M2RiZDRjYV9fQXJ0aWNsZQ==_Formule 1\u00a0: Max Verstappen va-t-il r\u00e9ussir une remontada historique\u00a0?_69&quot;, &quot;customIDSPE&quot;: &quot;bGVmaWdhcm8uZnJfXzFmMGFlN2YyLTNkOGMtNmZmMC04Yjk0LTA3MzU3M2RiZDRjYV9fQXJ0aWNsZQ==&quot;, &quot;event&quot;: &quot;customEventSPE&quot;}\" target=\"_blank\" rel=\"noopener\"><br \/>\n                    Connectez-vous<br \/>\n                <\/a>\n            <\/p>\n","protected":false},"excerpt":{"rendered":"ANALYSE &#8211; Totalement domin\u00e9 jusqu\u2019\u00e0 la fin ao\u00fbt, le N\u00e9erlandais s\u2019est relanc\u00e9 et peut croire \u00e0 un 5e\u00a0titre&hellip;\n","protected":false},"author":2,"featured_media":479971,"comment_status":"","ping_status":"","sticky":false,"template":"","format":"standard","meta":{"footnotes":""},"categories":[1412],"tags":[1451,1452,1453,1454,1455,1011,27,2243,2236,2241,60],"class_list":{"0":"post-479970","1":"post","2":"type-post","3":"status-publish","4":"format-standard","5":"has-post-thumbnail","7":"category-f1","8":"tag-f1","9":"tag-formula-1","10":"tag-formula1","11":"tag-formule-1","12":"tag-formule1","13":"tag-fr","14":"tag-france","15":"tag-lando-norris","16":"tag-max-verstappen","17":"tag-oscar-piastri","18":"tag-sports"},"share_on_mastodon":{"url":"https:\/\/pubeurope.com\/@fr\/115413276661472675","error":""},"_links":{"self":[{"href":"https:\/\/www.europesays.com\/fr\/wp-json\/wp\/v2\/posts\/479970","targetHints":{"allow":["GET"]}}],"collection":[{"href":"https:\/\/www.europesays.com\/fr\/wp-json\/wp\/v2\/posts"}],"about":[{"href":"https:\/\/www.europesays.com\/fr\/wp-json\/wp\/v2\/types\/post"}],"author":[{"embeddable":true,"href":"https:\/\/www.europesays.com\/fr\/wp-json\/wp\/v2\/users\/2"}],"replies":[{"embeddable":true,"href":"https:\/\/www.europesays.com\/fr\/wp-json\/wp\/v2\/comments?post=479970"}],"version-history":[{"count":0,"href":"https:\/\/www.europesays.com\/fr\/wp-json\/wp\/v2\/posts\/479970\/revisions"}],"wp:featuredmedia":[{"embeddable":true,"href":"https:\/\/www.europesays.com\/fr\/wp-json\/wp\/v2\/media\/479971"}],"wp:attachment":[{"href":"https:\/\/www.europesays.com\/fr\/wp-json\/wp\/v2\/media?parent=479970"}],"wp:term":[{"taxonomy":"category","embeddable":true,"href":"https:\/\/www.europesays.com\/fr\/wp-json\/wp\/v2\/categories?post=479970"},{"taxonomy":"post_tag","embeddable":true,"href":"https:\/\/www.europesays.com\/fr\/wp-json\/wp\/v2\/tags?post=479970"}],"curies":[{"name":"wp","href":"https:\/\/api.w.org\/{rel}","templated":true}]}}