{"id":479974,"date":"2025-10-21T17:14:11","date_gmt":"2025-10-21T17:14:11","guid":{"rendered":"https:\/\/www.europesays.com\/fr\/479974\/"},"modified":"2025-10-21T17:14:11","modified_gmt":"2025-10-21T17:14:11","slug":"fc-nantes-les-kita-ont-ils-fait-le-pire-mercato-de-toute-la-ligue-1","status":"publish","type":"post","link":"https:\/\/www.europesays.com\/fr\/479974\/","title":{"rendered":"FC Nantes\u00a0: les Kita ont-ils fait le pire Mercato de toute la Ligue 1\u00a0?"},"content":{"rendered":"<p><strong>Le Mercato n\u2019est vraiment pas une r\u00e9ussite au FC Nantes. A tel point que l\u2019on peut se demander si le FCN n\u2019a pas r\u00e9alis\u00e9 la pire intersaison de toute la Ligue 1. C\u2019est notre d\u00e9bat\u2026<\/strong><\/p>\n<p>\u00ab\u00a0Oui\u00a0\u00bb<\/p>\n<p>\u00ab\u00a0Honn\u00eatement, je ne vois pas qui, en L1, a pu faire un plus mauvais Mercato que le FC Nantes. Avec son interdiction de recruter, le SCO n\u2019a pas pu se renforcer cet \u00e9t\u00e9 et il a \u00e9t\u00e9 contraint de transf\u00e9rer Lepaul, son meilleur buteur, \u00e0 Rennes. Mais il a quand m\u00eame pu garder quelques autres \u00e9l\u00e9ments importants dont Abdelli. Metz ne s\u2019est pas renforc\u00e9 non plus, avec notamment le d\u00e9part de son capitaine Udol \u00e0 Lens, mais le promu lorrain a quand m\u00eame pu faire revenir Diallo, qui va bien finir par marquer quelques buts.<\/p>\n<p>Je trouve que Nantes s\u2019est vraiment affaibli. Des cadres sont partis\u00a0: Pallois, Chirivella. Et pour les remplacer, les Kita ont mis\u00e9 sur des joueurs dont on a vite pu cerner les limites. Entre Radakovic, les deux Cor\u00e9ens, on ne peut pas dire que la direction ait tap\u00e9 dans le mille. En plus, voil\u00e0 qu\u2019Awaziem y est all\u00e9 de sa boulette hier soir contre Lille. Non, j\u2019ai beau chercher, depuis Lopes l\u2019hiver dernier, je ne vois pas quelle recrue a renforc\u00e9 l\u2019effectif des Canaris. Et comme en plus il y a eu des d\u00e9parts importants\u2026\u00a0\u00bb<\/p>\n<p><strong>Laurent HESS<\/strong><\/p>\n<p>\u00ab\u00a0<strong>Le FC Nantes a tout de m\u00eame conserv\u00e9 Matthis Abline<\/strong>\u00ab\u00a0<\/p>\n<p>Difficile de r\u00e9pondre \u201cnon\u201d \u00e0 cette question tant le mercato du FC Nantes laisse un go\u00fbt amer. Le seul vrai motif de satisfaction se nomme\u00a0<strong>Junior Mwanga<\/strong>, arriv\u00e9 en pr\u00eat de Strasbourg sans option d\u2019achat, une bonne pioche dans un oc\u00e9an d\u2019incertitudes.\u00a0<strong>Awaziem<\/strong>, malgr\u00e9 sa grosse erreur face au LOSC, fait aussi partie des rares \u00e9l\u00e9ments fiables du d\u00e9but de saison. <br \/>Pour le reste, le constat est bien plus s\u00e9v\u00e8re. Les deux recrues sud-cor\u00e9ennes peinent \u00e0 se mettre au niveau\u2026 Mention sp\u00e9ciale \u00e0\u00a0<strong>Hong<\/strong>, en grande difficult\u00e9 depuis son arriv\u00e9e. <br \/>Quant au retour du seul lat\u00e9ral gauche de l\u2019effectif,\u00a0<strong>Nicolas Cozza<\/strong>, c\u2019est une lib\u00e9ration que Louis Leroux est pris sa place lui qui est milieu de terrain de formation. <br \/>En guise de point positif, on peut noter que le\u00a0<strong>FC Nantes a malgr\u00e9 tout r\u00e9ussi \u00e0 conserver Matthis Abline<\/strong>. Mais l\u00e0 encore, le jeune attaquant semble avoir eu du mal \u00e0 dig\u00e9rer son transfert avort\u00e9 cet \u00e9t\u00e9, peinant \u00e0 retrouver sa meilleure forme. <br \/>Encore une fois, la gestion du mercato par les\u00a0<strong>Kita<\/strong>\u00a0alimente la frustration des supporters, convaincus d\u2019assister \u00e0 un nouvel \u00e9pisode d\u2019une politique sportive sans vision ni coh\u00e9rence.<\/p>\n<p><strong>Louis CHRESTIAN<\/strong><\/p>\n","protected":false},"excerpt":{"rendered":"Le Mercato n\u2019est vraiment pas une r\u00e9ussite au FC Nantes. A tel point que l\u2019on peut se demander&hellip;\n","protected":false},"author":2,"featured_media":479975,"comment_status":"","ping_status":"","sticky":false,"template":"","format":"standard","meta":{"footnotes":""},"categories":[1410],"tags":[11,448,63,1011,27,66,3388,12,60,10662],"class_list":{"0":"post-479974","1":"post","2":"type-post","3":"status-publish","4":"format-standard","5":"has-post-thumbnail","7":"category-football","8":"tag-actualites","9":"tag-champions-league","10":"tag-football","11":"tag-fr","12":"tag-france","13":"tag-ligue-1","14":"tag-matchs","15":"tag-news","16":"tag-sports","17":"tag-transferts"},"share_on_mastodon":{"url":"https:\/\/pubeurope.com\/@fr\/115413284718719612","error":""},"_links":{"self":[{"href":"https:\/\/www.europesays.com\/fr\/wp-json\/wp\/v2\/posts\/479974","targetHints":{"allow":["GET"]}}],"collection":[{"href":"https:\/\/www.europesays.com\/fr\/wp-json\/wp\/v2\/posts"}],"about":[{"href":"https:\/\/www.europesays.com\/fr\/wp-json\/wp\/v2\/types\/post"}],"author":[{"embeddable":true,"href":"https:\/\/www.europesays.com\/fr\/wp-json\/wp\/v2\/users\/2"}],"replies":[{"embeddable":true,"href":"https:\/\/www.europesays.com\/fr\/wp-json\/wp\/v2\/comments?post=479974"}],"version-history":[{"count":0,"href":"https:\/\/www.europesays.com\/fr\/wp-json\/wp\/v2\/posts\/479974\/revisions"}],"wp:featuredmedia":[{"embeddable":true,"href":"https:\/\/www.europesays.com\/fr\/wp-json\/wp\/v2\/media\/479975"}],"wp:attachment":[{"href":"https:\/\/www.europesays.com\/fr\/wp-json\/wp\/v2\/media?parent=479974"}],"wp:term":[{"taxonomy":"category","embeddable":true,"href":"https:\/\/www.europesays.com\/fr\/wp-json\/wp\/v2\/categories?post=479974"},{"taxonomy":"post_tag","embeddable":true,"href":"https:\/\/www.europesays.com\/fr\/wp-json\/wp\/v2\/tags?post=479974"}],"curies":[{"name":"wp","href":"https:\/\/api.w.org\/{rel}","templated":true}]}}