{"id":479976,"date":"2025-10-21T17:15:15","date_gmt":"2025-10-21T17:15:15","guid":{"rendered":"https:\/\/www.europesays.com\/fr\/479976\/"},"modified":"2025-10-21T17:15:15","modified_gmt":"2025-10-21T17:15:15","slug":"rosalia-a-annonce-son-nouvel-album-lux-et-tout-ne-sest-pas-exactement-passe-comme-prevu","status":"publish","type":"post","link":"https:\/\/www.europesays.com\/fr\/479976\/","title":{"rendered":"Rosal\u00eda a annonc\u00e9 son nouvel album \u00ab\u00a0LUX\u00a0\u00bb et tout ne s\u2019est pas exactement pass\u00e9 comme pr\u00e9vu"},"content":{"rendered":"\n<p> La lecture de ce contenu est susceptible d\u2019entra\u00eener un d\u00e9p\u00f4t de cookies de la part de l\u2019op\u00e9rateur tiers qui l\u2019h\u00e9berge. Compte-tenu des choix que vous avez exprim\u00e9s en mati\u00e8re de d\u00e9p\u00f4t de cookies, nous avons bloqu\u00e9 l\u2019affichage de ce contenu. Si vous souhaitez y acc\u00e9der, vous devez accepter la cat\u00e9gorie de cookies \u201cContenus tiers\u201d en cliquant sur le bouton ci-dessous. <\/p>\n<p> Lire la Vid\u00e9o              <\/p>\n<p class=\"asset asset-text\">MUSIQUE &#8211; Elle est bient\u00f4t de retour. La star espagnole <a href=\"https:\/\/www.huffingtonpost.fr\/culture\/video\/rosal-a-emue-pour-la-derniere-date-de-son-incroyable-tournee-a-lollapalooza_220983.html\" target=\"_blank\" rel=\"noopener\">Rosal\u00eda<\/a> a annonc\u00e9 la sortie de son nouvel album LUX le 7\u00a0novembre prochain. Apr\u00e8s avoir \u00e9t\u00e9 r\u00e9v\u00e9l\u00e9e au monde entier par le succ\u00e8s de <a href=\"https:\/\/www.huffingtonpost.fr\/culture\/video\/le-concert-de-rosalia-a-paris-a-reconforte-une-bonne-poignee-de-francais_211736.html\" target=\"_blank\" rel=\"noopener\">Motomami<\/a> en 2023, le quatri\u00e8me opus de la chanteuse \u00e9tait tr\u00e8s attendu par ses fans. Pour l\u2019annoncer, elle avait tout pr\u00e9vu lundi 20\u00a0octobre.<\/p>\n<p class=\"asset asset-text\">La pochette et la date de sortie de l\u2019album devaient \u00eatre d\u00e9voil\u00e9es en premier \u00e0 <a href=\"https:\/\/www.huffingtonpost.fr\/international\/article\/a-madrid-une-decision-historique-pour-proteger-les-habitants-du-surtourisme_252373.html\" target=\"_blank\" rel=\"noopener\">Madrid<\/a>, place Callao, o\u00f9 un gigantesque compte \u00e0 rebours a \u00e9t\u00e9 install\u00e9, comme dans d\u2019autres villes. Rosal\u00eda a d\u00e9marr\u00e9 un live TikTok \u00e0 20\u00a0h\u00a045, heure locale, o\u00f9 elle se pr\u00e9parait en direct. En plein maquillage, elle a d\u00e9couvert que l\u2019annonce avait d\u00e9j\u00e0 \u00e9t\u00e9 faite \u00e0 New York, trop t\u00f4t.<\/p>\n<p class=\"asset asset-text\">\u00ab\u00a0C\u2019est quoi \u00e7a\u00a0?\u00a0\u00bb, demande-t-elle paniqu\u00e9e \u00e0 son \u00e9quipe, en tombant sur une photo de la pochette de LUX sur les \u00e9crans g\u00e9ants de <a href=\"https:\/\/www.huffingtonpost.fr\/culture\/video\/charli-xcx-investi-times-square-pour-un-concert-surprise-des-titres-de-l-album-brat_242432.html\" target=\"_blank\" rel=\"noopener\">Times Square<\/a>. Malgr\u00e9 ce contretemps, elle s\u2019est rendue en voiture, en conduisant elle-m\u00eame, \u00e0 la rencontre de ses fans madril\u00e8nes place Callao.<\/p>\n<p class=\"asset asset-text\">Mais l\u00e0 encore, rien ne s\u2019est pass\u00e9 comme pr\u00e9vu. Rosal\u00eda s\u2019est retrouv\u00e9e coinc\u00e9e dans les embouteillages, toujours en live sur TikTok. La pop star a vite \u00e9t\u00e9 rep\u00e9r\u00e9e et une foule a commenc\u00e9 \u00e0 se former autour de sa voiture. Encercl\u00e9e, elle a fini le chemin \u00e0 pied, en courant parmi les fans aux anges.<\/p>\n<p class=\"asset asset-text\">Une fois en haut de son h\u00f4tel, la chanteuse catalane a salu\u00e9 la foule en d\u00e9lire \u00e0 travers la vitre. Une op\u00e9ration promo un peu chaotique, mais plus que r\u00e9ussie vu l\u2019engouement suscit\u00e9.<\/p>\n","protected":false},"excerpt":{"rendered":"La lecture de ce contenu est susceptible d\u2019entra\u00eener un d\u00e9p\u00f4t de cookies de la part de l\u2019op\u00e9rateur tiers&hellip;\n","protected":false},"author":2,"featured_media":479977,"comment_status":"","ping_status":"","sticky":false,"template":"","format":"standard","meta":{"footnotes":""},"categories":[1359],"tags":[251,58,59,1011,27,9471,873,2532,973],"class_list":{"0":"post-479976","1":"post","2":"type-post","3":"status-publish","4":"format-standard","5":"has-post-thumbnail","7":"category-people","8":"tag-culture","9":"tag-divertissement","10":"tag-entertainment","11":"tag-fr","12":"tag-france","13":"tag-madrid","14":"tag-musique","15":"tag-nos-videos","16":"tag-people"},"share_on_mastodon":{"url":"https:\/\/pubeurope.com\/@fr\/115413288544851377","error":""},"_links":{"self":[{"href":"https:\/\/www.europesays.com\/fr\/wp-json\/wp\/v2\/posts\/479976","targetHints":{"allow":["GET"]}}],"collection":[{"href":"https:\/\/www.europesays.com\/fr\/wp-json\/wp\/v2\/posts"}],"about":[{"href":"https:\/\/www.europesays.com\/fr\/wp-json\/wp\/v2\/types\/post"}],"author":[{"embeddable":true,"href":"https:\/\/www.europesays.com\/fr\/wp-json\/wp\/v2\/users\/2"}],"replies":[{"embeddable":true,"href":"https:\/\/www.europesays.com\/fr\/wp-json\/wp\/v2\/comments?post=479976"}],"version-history":[{"count":0,"href":"https:\/\/www.europesays.com\/fr\/wp-json\/wp\/v2\/posts\/479976\/revisions"}],"wp:featuredmedia":[{"embeddable":true,"href":"https:\/\/www.europesays.com\/fr\/wp-json\/wp\/v2\/media\/479977"}],"wp:attachment":[{"href":"https:\/\/www.europesays.com\/fr\/wp-json\/wp\/v2\/media?parent=479976"}],"wp:term":[{"taxonomy":"category","embeddable":true,"href":"https:\/\/www.europesays.com\/fr\/wp-json\/wp\/v2\/categories?post=479976"},{"taxonomy":"post_tag","embeddable":true,"href":"https:\/\/www.europesays.com\/fr\/wp-json\/wp\/v2\/tags?post=479976"}],"curies":[{"name":"wp","href":"https:\/\/api.w.org\/{rel}","templated":true}]}}