{"id":479978,"date":"2025-10-21T17:16:11","date_gmt":"2025-10-21T17:16:11","guid":{"rendered":"https:\/\/www.europesays.com\/fr\/479978\/"},"modified":"2025-10-21T17:16:11","modified_gmt":"2025-10-21T17:16:11","slug":"apres-le-fiasco-du-cambriolage-la-presidente-du-louvre-laurence-des-cars-a-presente-sa-demission-qui-lui-a-ete-refusee","status":"publish","type":"post","link":"https:\/\/www.europesays.com\/fr\/479978\/","title":{"rendered":"Apr\u00e8s le fiasco du cambriolage, la pr\u00e9sidente du Louvre Laurence des Cars a pr\u00e9sent\u00e9 sa d\u00e9mission, qui lui a \u00e9t\u00e9 refus\u00e9e"},"content":{"rendered":"<p>\n    <strong>INFO LE FIGARO &#8211;<\/strong> Mercredi, la pr\u00e9sidente du mus\u00e9e sera auditionn\u00e9e au S\u00e9nat. C\u00f4t\u00e9 minist\u00e8re de la Culture, Rachida Dati a fait face, mardi, \u00e0 des d\u00e9put\u00e9s remont\u00e9s.<\/p>\n<p class=\"fig-paragraph\">Les dieux r\u00e9clament un sacrifice, mais lequel\u00a0? Trois jours apr\u00e8s le\u00a0<a href=\"http:\/\/www.lefigaro.fr\/conjoncture\/cambriolage-au-louvre-les-bijoux-voles-etaient-ils-couverts-par-une-assurance-20251020\" data-fig-type=\"Article\" data-gtm-custom-categorie=\"navigation\" data-gtm-custom-action=\"crossclick\" data-gtm-custom-label=\"Contextuel\" data-gtm-event=\"customEventSPE\" data-fig-domain=\"LEFIGARO\" target=\"_blank\" rel=\"noopener\">cambriolage spectaculaire au Louvre<\/a>, chacun cherche un coupable. \u00ab\u00a0Ce vol est une honte pour la France et, pour l\u2019instant, c\u2019est la faute \u00e0 pas de chance\u00a0\u00bb, a raill\u00e9 mardi le d\u00e9put\u00e9 Maxime Michelet (UDR) lors des questions d\u2019actualit\u00e9 au gouvernement, en s\u2019adressant \u00e0\u00a0<a href=\"https:\/\/www.lefigaro.fr\/tag\/rachida-dati\" target=\"_blank\" rel=\"sponsored noopener\" data-gtm-custom-categorie=\"navigation\" data-gtm-custom-action=\"crossclick\" data-gtm-custom-label=\"Contextuel\" data-gtm-event=\"customEventSPE\">Rachida Dati<\/a>. \u00ab\u00a0Mais exigerez-vous que les responsables prennent un jour leurs responsabilit\u00e9s\u00a0?\u00a0\u00bb<\/p>\n<p class=\"fig-paragraph\">Dimanche soir, Laurence des\u00a0Cars, la pr\u00e9sidente du mus\u00e9e, est apparue, bl\u00eame, dans les salles du Louvre, aux c\u00f4t\u00e9s de la ministre de la Culture. Elle a ensuite disparu des radars m\u00e9diatiques. Selon nos informations, elle a pr\u00e9sent\u00e9 sa d\u00e9mission, en vain. Soutien d\u2019une pr\u00e9sidente qu\u2019il a nomm\u00e9e et qu\u2019il a charg\u00e9e de conduire les\u00a0<a href=\"http:\/\/www.lefigaro.fr\/culture\/le-concours-d-architectes-est-lance-pour-le-futur-grand-louvre-attendu-en-2031-20250627\" data-fig-type=\"Article\" data-gtm-custom-categorie=\"navigation\" data-gtm-custom-action=\"crossclick\" data-gtm-custom-label=\"Contextuel\" data-gtm-event=\"customEventSPE\" data-fig-domain=\"LEFIGARO\" target=\"_blank\" rel=\"noopener\">travaux du futur Grand Louvre<\/a>, le pr\u00e9sident de la R\u00e9publique, Emmanuel Macron, l\u2019a m\u00eame appel\u00e9e \u00e0 plusieurs reprises ces derniers jours. \u00ab\u00a0Tenez bon\u00a0; il n\u2019est pas question de casser la dynamique de r\u00e9novation du mus\u00e9e\u00a0\u00bb<\/p>\n<p class=\"fig-premium-paywall__infos\">\n        Cet article est r\u00e9serv\u00e9 aux abonn\u00e9s.        Il vous reste 83% \u00e0 d\u00e9couvrir.\n    <\/p>\n<p>                <img  data- alt=\"Le Figaro\" class=\"fig-img--complete fig-img\"\/><\/p>\n<p class=\"fig-premium-paywall__title\">Vous avez envie de lire la suite ?<\/p>\n<p class=\"fig-premium-paywall__subtitle\">D\u00e9bloquez tous les articles imm\u00e9diatement.<\/p>\n<p class=\"fig-premium-paywall__connect\">\n                D\u00e9j\u00e0 abonn\u00e9\u00a0?                <a class=\"fig-premium-paywall__connect-link\" href=\"https:\/\/connect.lefigaro.fr\/login?client=horizon_web&amp;type=main&amp;redirect_uri=https%3A%2F%2Fwww.lefigaro.fr%2Fculture%2Fapres-le-fiasco-du-cambriolage-la-presidente-du-louvre-a-presente-sa-demission-qui-lui-a-ete-refusee-20251021\" data-js-gtm=\"{&quot;customCategorie&quot;: &quot;conversion&quot;, &quot;customAction&quot;: &quot;before_Landing_Connexion_paywall_auto&quot;, &quot;customLabel&quot;: &quot;bGVmaWdhcm8uZnJfXzFmMGFlNmY4LWMxYmUtNmU0YS04NmEzLWI1Mjc1OTc0ZTZlMl9fQXJ0aWNsZQ==_Apr\u00e8s le fiasco du cambriolage, la pr\u00e9sidente du Louvre Laurence des Cars a pr\u00e9sent\u00e9 sa d\u00e9mission, qui lui a \u00e9t\u00e9 refus\u00e9e_544&quot;, &quot;customIDSPE&quot;: &quot;bGVmaWdhcm8uZnJfXzFmMGFlNmY4LWMxYmUtNmU0YS04NmEzLWI1Mjc1OTc0ZTZlMl9fQXJ0aWNsZQ==&quot;, &quot;event&quot;: &quot;customEventSPE&quot;}\" target=\"_blank\" rel=\"noopener\"><br \/>\n                    Connectez-vous<br \/>\n                <\/a>\n            <\/p>\n","protected":false},"excerpt":{"rendered":"INFO LE FIGARO &#8211; Mercredi, la pr\u00e9sidente du mus\u00e9e sera auditionn\u00e9e au S\u00e9nat. C\u00f4t\u00e9 minist\u00e8re de la Culture,&hellip;\n","protected":false},"author":2,"featured_media":479979,"comment_status":"","ping_status":"","sticky":false,"template":"","format":"standard","meta":{"footnotes":""},"categories":[1358],"tags":[1348,1384,1385,1386,58,59,1011,27,11274,417,1175],"class_list":{"0":"post-479978","1":"post","2":"type-post","3":"status-publish","4":"format-standard","5":"has-post-thumbnail","7":"category-arts-et-design","8":"tag-arts","9":"tag-arts-and-design","10":"tag-arts-et-design","11":"tag-design","12":"tag-divertissement","13":"tag-entertainment","14":"tag-fr","15":"tag-france","16":"tag-louvre","17":"tag-rachida-dati","18":"tag-vol"},"share_on_mastodon":{"url":"https:\/\/pubeurope.com\/@fr\/115413292517816489","error":""},"_links":{"self":[{"href":"https:\/\/www.europesays.com\/fr\/wp-json\/wp\/v2\/posts\/479978","targetHints":{"allow":["GET"]}}],"collection":[{"href":"https:\/\/www.europesays.com\/fr\/wp-json\/wp\/v2\/posts"}],"about":[{"href":"https:\/\/www.europesays.com\/fr\/wp-json\/wp\/v2\/types\/post"}],"author":[{"embeddable":true,"href":"https:\/\/www.europesays.com\/fr\/wp-json\/wp\/v2\/users\/2"}],"replies":[{"embeddable":true,"href":"https:\/\/www.europesays.com\/fr\/wp-json\/wp\/v2\/comments?post=479978"}],"version-history":[{"count":0,"href":"https:\/\/www.europesays.com\/fr\/wp-json\/wp\/v2\/posts\/479978\/revisions"}],"wp:featuredmedia":[{"embeddable":true,"href":"https:\/\/www.europesays.com\/fr\/wp-json\/wp\/v2\/media\/479979"}],"wp:attachment":[{"href":"https:\/\/www.europesays.com\/fr\/wp-json\/wp\/v2\/media?parent=479978"}],"wp:term":[{"taxonomy":"category","embeddable":true,"href":"https:\/\/www.europesays.com\/fr\/wp-json\/wp\/v2\/categories?post=479978"},{"taxonomy":"post_tag","embeddable":true,"href":"https:\/\/www.europesays.com\/fr\/wp-json\/wp\/v2\/tags?post=479978"}],"curies":[{"name":"wp","href":"https:\/\/api.w.org\/{rel}","templated":true}]}}