{"id":479980,"date":"2025-10-21T17:17:19","date_gmt":"2025-10-21T17:17:19","guid":{"rendered":"https:\/\/www.europesays.com\/fr\/479980\/"},"modified":"2025-10-21T17:17:19","modified_gmt":"2025-10-21T17:17:19","slug":"besancon-bruce-toussaint-et-romane-brisard-en-dedicace-a-lintranquille-cette-semaine","status":"publish","type":"post","link":"https:\/\/www.europesays.com\/fr\/479980\/","title":{"rendered":"Besan\u00e7on. Bruce Toussaint et Romane Brisard en d\u00e9dicace \u00e0 L\u2019Intranquille cette semaine"},"content":{"rendered":"<p>Deux auteurs journalistes \u00e0 L\u2019Intranquille cette semaine, et deux th\u00e9matiques difficiles.<\/p>\n<p>Avec Dis lui que je pense \u00e0 elle, Bruce Toussaint, en charge de \u00ab Bonjour ! La matinale \u00bb sur TF1, m\u00e8ne une enqu\u00eate \u00e0 la fois journalistique et familiale, \u00e0 propos de Nathalie, sa cousine, tu\u00e9e d\u2019une s\u00e9rie de coups de couteau \u00e0 Penly pr\u00e8s de Dieppe, par un individu de 29 ans qui disait l\u2019aimer \u00e9perdument. L\u2019adolescente avait 14 ans. C\u2019\u00e9tait en 1984. Le mot f\u00e9minicide n\u2019existait pas et dans la famille m\u00eame du journaliste, le silence pr\u00e9valait. Il dresse l\u00e0 le portrait d\u2019une \u00e9poque, o\u00f9 l\u2019on ne parlait pas non plus de masculinisme.<\/p>\n<p>Bruce Toussaint rencontre ses lecteurs \u00e0 L\u2019Intranquille, <a href=\"https:\/\/www.estrepublicain.fr\/pour-sortir\/Rencontre-conference\/Franche-comte\/Doubs\/Besancon?poiKey=91b6efe4-1323-4532-9213-6d97226a1235\" target=\"_blank\" rel=\"noopener\">le vendredi 24 octobre \u00e0 17 h<\/a>.<\/p>\n<p>Le lendemain, samedi, \u00e0 17 h au m\u00eame endroit, Romane Brisard sera \u00e9galement en d\u00e9dicaces. Elle a compil\u00e9 une enqu\u00eate de cinq ans dans  Inceste d\u2019\u00c9tat, sous titr\u00e9 Quand la justice livre les enfants victimes \u00e0 leurs bourreaux. La journaliste d\u2019origine bisontine analyse une centaine de dossiers judiciaires et recueille autant de t\u00e9moignages de victimes et de professionnels de la protection de l\u2019enfance. Elle constate que les m\u00e8res d\u2019enfants victimes, ses principales sources, disparaissent. Pr\u00eates \u00e0 tout pour sauver leurs enfants de leurs bourreaux, ces femmes ont d\u00e9cid\u00e9 de fuir leur pays, quel qu\u2019en soit le prix. Romane Brisard a retrouv\u00e9 ces m\u00e8res en cavale.<\/p>\n","protected":false},"excerpt":{"rendered":"Deux auteurs journalistes \u00e0 L\u2019Intranquille cette semaine, et deux th\u00e9matiques difficiles. Avec Dis lui que je pense \u00e0&hellip;\n","protected":false},"author":2,"featured_media":479981,"comment_status":"","ping_status":"","sticky":false,"template":"","format":"standard","meta":{"footnotes":""},"categories":[1357],"tags":[10112,14382,1379,1687,58,14383,59,1011,27,1380,2410],"class_list":{"0":"post-479980","1":"post","2":"type-post","3":"status-publish","4":"format-standard","5":"has-post-thumbnail","7":"category-livres","8":"tag-besancon","9":"tag-besancon-ville-25a","10":"tag-books","11":"tag-culture-loisirs","12":"tag-divertissement","13":"tag-edition-besancon","14":"tag-entertainment","15":"tag-fr","16":"tag-france","17":"tag-livres","18":"tag-livres-bd"},"share_on_mastodon":{"url":"https:\/\/pubeurope.com\/@fr\/115413296349926804","error":""},"_links":{"self":[{"href":"https:\/\/www.europesays.com\/fr\/wp-json\/wp\/v2\/posts\/479980","targetHints":{"allow":["GET"]}}],"collection":[{"href":"https:\/\/www.europesays.com\/fr\/wp-json\/wp\/v2\/posts"}],"about":[{"href":"https:\/\/www.europesays.com\/fr\/wp-json\/wp\/v2\/types\/post"}],"author":[{"embeddable":true,"href":"https:\/\/www.europesays.com\/fr\/wp-json\/wp\/v2\/users\/2"}],"replies":[{"embeddable":true,"href":"https:\/\/www.europesays.com\/fr\/wp-json\/wp\/v2\/comments?post=479980"}],"version-history":[{"count":0,"href":"https:\/\/www.europesays.com\/fr\/wp-json\/wp\/v2\/posts\/479980\/revisions"}],"wp:featuredmedia":[{"embeddable":true,"href":"https:\/\/www.europesays.com\/fr\/wp-json\/wp\/v2\/media\/479981"}],"wp:attachment":[{"href":"https:\/\/www.europesays.com\/fr\/wp-json\/wp\/v2\/media?parent=479980"}],"wp:term":[{"taxonomy":"category","embeddable":true,"href":"https:\/\/www.europesays.com\/fr\/wp-json\/wp\/v2\/categories?post=479980"},{"taxonomy":"post_tag","embeddable":true,"href":"https:\/\/www.europesays.com\/fr\/wp-json\/wp\/v2\/tags?post=479980"}],"curies":[{"name":"wp","href":"https:\/\/api.w.org\/{rel}","templated":true}]}}