{"id":479984,"date":"2025-10-21T17:19:14","date_gmt":"2025-10-21T17:19:14","guid":{"rendered":"https:\/\/www.europesays.com\/fr\/479984\/"},"modified":"2025-10-21T17:19:14","modified_gmt":"2025-10-21T17:19:14","slug":"ca-il-fallait-pas-florent-pagny-a-un-regret-concernant-son-fils-heureusement-il-a-rectifie-le-tir","status":"publish","type":"post","link":"https:\/\/www.europesays.com\/fr\/479984\/","title":{"rendered":"\u00ab\u00a0\u00c7a il fallait pas\u00a0\u00bb : Florent Pagny a un regret concernant son fils, heureusement il a rectifi\u00e9 le tir !"},"content":{"rendered":"<p class=\"p1\">Artiste \u00e0 l\u2019immense carri\u00e8re, <strong>Florent<br \/>\nPagny<\/strong> n\u2019est plus \u00e0 pr\u00e9senter. C\u00f4t\u00e9 vie priv\u00e9e, celui qui<br \/>\nest <a href=\"https:\/\/www.closermag.fr\/people\/jai-refait-une-rechute-florent-pagny-est-malheureusement-loin-den-avoir-fini-avec-son-cancer-3574421\" target=\"_blank\" rel=\"noopener\"><br \/>\ntouch\u00e9 par un cancer<\/a> vit une belle histoire d\u2019amour avec<br \/>\nAzucena Caama\u00f1o depuis plus de 30 ans. Le couple a eu deux enfants,<br \/>\nInca en 1996 et A\u00ebl en 1999.<\/p>\n<p class=\"p1\">Dimanche 12 octobre, <a href=\"https:\/\/www.closermag.fr\/people\/florent-pagny-epouse-frere-soeur-patagonie-taille-age-cancer-tout-savoir-1613192\" target=\"_blank\" rel=\"noopener\"><br \/>\nFlorent Pagny<\/a> \u00e9tait invit\u00e9 dans l\u2019\u00e9mission Legend sur YouTube.<br \/>\nFace \u00e0 Guillaume Pley, il s\u2019est confi\u00e9 sur <strong>l\u2019\u00e9ducation de<br \/>\nses enfants<\/strong>. \u201cAu d\u00e9but, les m\u00f4mes n\u2019allaient pas \u00e0<br \/>\nl\u2019\u00e9cole. Nous, on circulait, on faisait les cours \u00e0 la maison et<br \/>\npuis on a voyag\u00e9 jusqu\u2019\u00e0 ce que le grand ait six ans\u201d,<br \/>\ns\u2019est-il souvenu.<\/p>\n<p>Florent Pagny a regrett\u00e9 d\u2019avoir scolaris\u00e9 son fils<br \/>\nen France<\/p>\n<p class=\"p1\">Durant plusieurs ann\u00e9es, Florent Pagny a partag\u00e9 sa<br \/>\nvie entre <strong>la France, l\u2019Argentine et les<br \/>\n\u00c9tats-Unis<\/strong>. Interrog\u00e9 par Guillaume Pley sur une<br \/>\npotentielle erreur vis-\u00e0-vis de <a href=\"https:\/\/www.closermag.fr\/people\/florent-pagny-qui-sont-ael-et-inca-ses-deux-enfants-1496797\" target=\"_blank\" rel=\"noopener\"><br \/>\nses deux enfants<\/a>, il a expliqu\u00e9 : \u201cUn moment, je les ai<br \/>\nfait revenir une ann\u00e9e au coll\u00e8ge en France et \u00e7a il fallait pas,<br \/>\npour le grand surtout. Il n\u2019a rien dit, mais il a subi ce que je ne<br \/>\nvoulais pas qu\u2019il subisse\u201d.<\/p>\n<p class=\"p1\">En quelques semaines, Inca Pagny a compl\u00e8tement<br \/>\n<strong>chang\u00e9 de comportement<\/strong>. \u201cIl revenait \u00e0 la<br \/>\nmaison et il se mettait \u00e0 parler caillera\u201d, s\u2019est souvenu<br \/>\n<a href=\"https:\/\/www.closermag.fr\/people\/jai-eu-de-la-chance-florent-pagny-se-confie-sur-sa-rencontre-avec-azucena-sa-femme-qui-la-sauve-dune-tres-mauvaise-passade-3583175\" target=\"_blank\" rel=\"noopener\"><br \/>\nle mari d\u2019Azucena<\/a>. Et d\u2019ajouter : \u201cJe lui ai dit : \u2018Mais \u00e7a<br \/>\nne va pas, tu ne vas pas parler comme \u00e7a, ce n\u2019est pas toi, ce<br \/>\nn\u2019est pas nous. Donc on va aller vivre ailleurs si c\u2019est pour que<br \/>\ntu te mettes \u00e0 parler de cette mani\u00e8re\u2019\u201d.<\/p>\n<p>Inca Pagny a termin\u00e9 ses \u00e9tudes aux<br \/>\n\u00c9tats-Unis<\/p>\n<p class=\"p1\">Pour <a href=\"https:\/\/www.telestar.fr\/people\/exclu-florent-pagny-present-pour-the-voice-2026-il-faudrait-un-gros-chamboulement-1722833\" target=\"_blank\" rel=\"noopener\"><br \/>\nle coach de The Voice<\/a>, l\u2019inscription de ses enfants dans<br \/>\n<strong>un coll\u00e8ge fran\u00e7ais<\/strong> a \u00e9t\u00e9 une erreur. \u201cIl ne<br \/>\nfallait pas qu\u2019il fasse cette ann\u00e9e-l\u00e0 dans ce contexte\u201d,<br \/>\na-t-il assur\u00e9. La famille est donc <strong>repartie aux<br \/>\n\u00c9tats-Unis<\/strong> puis en Argentine o\u00f9 Inca et A\u00ebl ont fait une<br \/>\n\u00e9cole agricole.<\/p>\n<p class=\"p1\">Par la suite, <a href=\"https:\/\/www.closermag.fr\/people\/florent-pagny-papa-fier-le-chanteur-est-venu-soutenir-son-fils-inca-dans-sa-nouvelle-aventure-3579395\" target=\"_blank\" rel=\"noopener\"><br \/>\nInca<\/a> a fait des <strong>\u00e9tudes de m\u00e9canique<\/strong> \u00e0 Orlando<br \/>\ntandis que sa s\u0153ur a pr\u00e9f\u00e9r\u00e9 <strong>\u00e9tudier la<br \/>\nphotographie<\/strong> \u00e0 New York. \u201cTout \u00e7a, c\u2019est termin\u00e9.<br \/>\nMaintenant, ils tra\u00eenent avec nous, entre la France et l\u2019Argentine<br \/>\net on est tr\u00e8s contents\u201d, a conclu Florent Pagny. Un rythme de<br \/>\nvie qui semble convenir \u00e0 toute la famille.<\/p>\n","protected":false},"excerpt":{"rendered":"Artiste \u00e0 l\u2019immense carri\u00e8re, Florent Pagny n\u2019est plus \u00e0 pr\u00e9senter. C\u00f4t\u00e9 vie priv\u00e9e, celui qui est touch\u00e9 par&hellip;\n","protected":false},"author":2,"featured_media":479985,"comment_status":"","ping_status":"","sticky":false,"template":"","format":"standard","meta":{"footnotes":""},"categories":[1355],"tags":[58,59,3109,1011,27,60327,1361,873,729],"class_list":{"0":"post-479984","1":"post","2":"type-post","3":"status-publish","4":"format-standard","5":"has-post-thumbnail","7":"category-musique","8":"tag-divertissement","9":"tag-entertainment","10":"tag-florent-pagny","11":"tag-fr","12":"tag-france","13":"tag-inca-pagny","14":"tag-music","15":"tag-musique","16":"tag-yout_video"},"share_on_mastodon":{"url":"https:\/\/pubeurope.com\/@fr\/115413304243361704","error":""},"_links":{"self":[{"href":"https:\/\/www.europesays.com\/fr\/wp-json\/wp\/v2\/posts\/479984","targetHints":{"allow":["GET"]}}],"collection":[{"href":"https:\/\/www.europesays.com\/fr\/wp-json\/wp\/v2\/posts"}],"about":[{"href":"https:\/\/www.europesays.com\/fr\/wp-json\/wp\/v2\/types\/post"}],"author":[{"embeddable":true,"href":"https:\/\/www.europesays.com\/fr\/wp-json\/wp\/v2\/users\/2"}],"replies":[{"embeddable":true,"href":"https:\/\/www.europesays.com\/fr\/wp-json\/wp\/v2\/comments?post=479984"}],"version-history":[{"count":0,"href":"https:\/\/www.europesays.com\/fr\/wp-json\/wp\/v2\/posts\/479984\/revisions"}],"wp:featuredmedia":[{"embeddable":true,"href":"https:\/\/www.europesays.com\/fr\/wp-json\/wp\/v2\/media\/479985"}],"wp:attachment":[{"href":"https:\/\/www.europesays.com\/fr\/wp-json\/wp\/v2\/media?parent=479984"}],"wp:term":[{"taxonomy":"category","embeddable":true,"href":"https:\/\/www.europesays.com\/fr\/wp-json\/wp\/v2\/categories?post=479984"},{"taxonomy":"post_tag","embeddable":true,"href":"https:\/\/www.europesays.com\/fr\/wp-json\/wp\/v2\/tags?post=479984"}],"curies":[{"name":"wp","href":"https:\/\/api.w.org\/{rel}","templated":true}]}}