{"id":479986,"date":"2025-10-21T17:20:26","date_gmt":"2025-10-21T17:20:26","guid":{"rendered":"https:\/\/www.europesays.com\/fr\/479986\/"},"modified":"2025-10-21T17:20:26","modified_gmt":"2025-10-21T17:20:26","slug":"deuxieme-volet-partie-1-et-franchement-on-en-a-gros","status":"publish","type":"post","link":"https:\/\/www.europesays.com\/fr\/479986\/","title":{"rendered":"Deuxi\u00e8me volet, partie 1\u00a0\u00bb et franchement, \u00ab\u00a0on en a gros\u00a0\u00bb"},"content":{"rendered":"<p>        <img decoding=\"async\" loading=\"lazy\" src=\"https:\/\/www.europesays.com\/fr\/wp-content\/uploads\/2025\/10\/af29a9c_upload-1-9bt71fmlxuaa-74afea8b608fcf49d3cb9f45cb20e91a.jpg\"  width=\"728\" height=\"410\" alt=\"Alexandre Astier et Anne Girouard dans \u00ab\u00a0Kaameloot : Dueuxi\u00e8me volet partie 1\u00a0\u00bb\"\/>  <\/p>\n<p>SND<\/p>\n<p>Alexandre Astier et Anne Girouard dans \u00ab\u00a0Kaameloot : Dueuxi\u00e8me volet partie 1\u00a0\u00bb<\/p>\n<p class=\"asset asset-text\">CIN\u00c9MA \u2013 Apr\u00e8s quatre ans d\u2019attente, la d\u00e9ception est am\u00e8re. Le film de et avec Alexandre Astier <a href=\"https:\/\/www.huffingtonpost.fr\/culture\/video\/kaamelott-2-partie-1-alexandre-astier-devoile-les-premieres-images_253608.html\" rel=\"nofollow noopener\" target=\"_blank\">Kaamelott\u00a0: Deuxi\u00e8me volet, partie 1\u00a0<\/a>sort en salle ce mercredi 22\u00a0octobre dans toute la France. Le long-m\u00e9trage, qui signe le retour du roi Arthur, de la reine Gueni\u00e8vre et de toute une farandole de personnages qu\u2019on conna\u00eet bien, se r\u00e9v\u00e8le long, poussif et confus.<a href=\"https:\/\/www.huffingtonpost.fr\/culture\/article\/alexandre-astier-explique-l-absence-de-franck-pitiot-perceval-dans-le-nouveau-volet-de-kaamelott_255779.html\" rel=\"nofollow noopener\" target=\"_blank\"> Franck Pitiot alias Perceval<\/a> a s\u00e9ch\u00e9 la r\u00e9union, et on ne peut vraiment pas lui en vouloir.<\/p>\n<p class=\"asset asset-text\">Tr\u00e8s loin de nous l\u2019id\u00e9e de faire du \u00ab\u00a0Kaamelott bashing\u00a0\u00bb gratuit. On ne peut pas compter les soir\u00e9es pass\u00e9es \u00e0 se marrer devant les sayn\u00e8tes entre L\u00e9odagan et son gendre, Perceval et Karadoc, ou encore Merlin et Elias. Depuis des ann\u00e9es, les trois coups de cor de chasse du g\u00e9n\u00e9rique sont pour nous une courte m\u00e9lodie qui rime avec r\u00e9confort.<\/p>\n<p class=\"asset asset-text\">Mais \u00e7a, c\u2019\u00e9tait avant. Car le Kaamelott qu\u2019on regardait sur M6\u00a0puis W9\u00a0n\u2019a presque rien \u00e0 voir avec celui qui nous est donn\u00e9 \u00e0 voir au cin\u00e9ma. Et ce n\u2019est pas uniquement le passage sur grand \u00e9cran qui coince, car le Premier volet sorti en 2021\u00a0nous avait dans l\u2019ensemble plut\u00f4t plu, par nostalgie surtout mais aussi gr\u00e2ce \u00e0 la g\u00e9niale partie de \u00ab\u00a0Robobrole\u00a0\u00bb. Cette fois, \u00e7a ne suffit plus, et la mayonnaise ne prend pas. Comme dirait Arthur Pendragon\u00a0: \u00ab\u00a0Mais c\u2019est pas vrai mais c\u2019est pas vrai mais c\u2019est pas vrai\u00a0\u00bb.<\/p>\n<p>    Kaamelott en version XXL    <\/p>\n<p class=\"asset asset-text\">L\u2019intrigue reprend peu ou prou l\u00e0 o\u00f9 elle s\u2019\u00e9tait arr\u00eat\u00e9e. Apr\u00e8s la destruction de Kaamelott, Arthur et Gueni\u00e8vre sont h\u00e9berg\u00e9s chez les parents de cette derni\u00e8re en Carm\u00e9lide. Le roi d\u00e9p\u00e9rit, et ne manifeste plus aucun int\u00e9r\u00eat pour rien depuis qu\u2019il a laiss\u00e9 filer Lancelot. M\u00eame l\u2019organisation d\u2019une r\u00e9union de chevaliers \u00e0 la nouvelle table ronde con\u00e7ue par Bohort le laisse de marbre. Pourtant, la qu\u00eate du Graal n\u2019a sans doute jamais \u00e9t\u00e9 aussi pressante pour sauver le royaume.<\/p>\n<p> La lecture de ce contenu est susceptible d\u2019entra\u00eener un d\u00e9p\u00f4t de cookies de la part de l\u2019op\u00e9rateur tiers qui l\u2019h\u00e9berge. Compte-tenu des choix que vous avez exprim\u00e9s en mati\u00e8re de d\u00e9p\u00f4t de cookies, nous avons bloqu\u00e9 l\u2019affichage de ce contenu. Si vous souhaitez y acc\u00e9der, vous devez accepter la cat\u00e9gorie de cookies \u201cContenus tiers\u201d en cliquant sur le bouton ci-dessous. <\/p>\n<p> Lire la Vid\u00e9o              <\/p>\n<p class=\"asset asset-text\">Plusieurs histoires parall\u00e8les se d\u00e9roulent alors. Celle d\u2019Arthur qui retrouve tr\u00e8s (trop) lentement l\u2019envie de gouverner, celle de jeunes chevaliers partis accomplir une qu\u00eate pour faire leurs preuves, celle de Karadoc (sans Perceval) et de la Dame du lac qui partagent le m\u00eame r\u00eave r\u00e9curent, celle de Lancelot qui vit tel un ermite seul dans les ruines du ch\u00e2teau de son p\u00e8re, celle de Merlin, Elias et Conle qui fouillent sous les ruines de Kaamelott pour trouver la source d\u2019une mal\u00e9diction ou encore celle de trois chasseurs de primes enqu\u00eatant sur le roi Loth \u00e0 la demande d\u2019Arthur. Oui, \u00e7a fait beaucoup, m\u00eame pour nous.<\/p>\n<p class=\"asset asset-text\">Ces diff\u00e9rentes histoires avancent de mani\u00e8re totalement ind\u00e9pendante (pour l\u2019instant), aucune n\u2019aboutit vraiment. Cons\u00e9quence\u00a0: c\u2019est lent, pour ne pas dire mou. Par ailleurs, lorsqu\u2019il y a une telle profusion de personnages, c\u2019est difficile voire impossible de s\u2019attacher aux uns plus qu\u2019aux autres. Et on finit par n\u2019en avoir malheureusement \u00ab\u00a0pas grand-chose \u00e0 carrer\u00a0\u00bb de ce qui va leur arriver.<\/p>\n<p>    Un coup d\u2019Excalibur dans l\u2019eau    <\/p>\n<p class=\"asset asset-text\">Plus encore que les deux derni\u00e8res saisons de la s\u00e9rie et que le premier film, ce Deuxi\u00e8me volet partie 1\u00a0de Kaamelott est dark. Ils sont tr\u00e8s loin les fous rires qu\u2019on pouvait avoir devant Kadoc et son \u00ab\u00a0Elle est o\u00f9 la poulette\u00a0?\u00a0\u00bb, S\u00e9li et ses tartes, Karadoc et son obsession pour le gras ou encore la chanson \u00ab\u00a0\u00c0 la volette\u00a0\u00bb.<\/p>\n<p> La lecture de ce contenu est susceptible d\u2019entra\u00eener un d\u00e9p\u00f4t de cookies de la part de l\u2019op\u00e9rateur tiers qui l\u2019h\u00e9berge. Compte-tenu des choix que vous avez exprim\u00e9s en mati\u00e8re de d\u00e9p\u00f4t de cookies, nous avons bloqu\u00e9 l\u2019affichage de ce contenu. Si vous souhaitez y acc\u00e9der, vous devez accepter la cat\u00e9gorie de cookies \u201cContenus tiers\u201d en cliquant sur le bouton ci-dessous. <\/p>\n<p> Lire la Vid\u00e9o              <\/p>\n<p class=\"asset asset-text\">Seuls rares moment de rire que nous offre ce film, les apparitions de Guillaume Gallienne en Alzagar, d\u2019Alain Chabat en duc d\u2019Aquitaine, de la m\u00e8re d\u2019Arthur Ygerne de Tintagel, et les p\u00e9rip\u00e9ties du trio de magiciens Conle (Daniel Mesguich), Elias (Bruno Fontaine) et Merlin (Jacques Chambon). M\u00eame les nombreuses remarques sarcastiques de L\u00e9odagan, Arthur et S\u00e9li n\u2019ont pas r\u00e9ussi \u00e0 nous faire franchement pouffer.<\/p>\n<p class=\"asset asset-text\">\u00c0 la place, Kaamelott persiste et signe dans sa volont\u00e9 mal plac\u00e9e d\u2019\u00eatre un grand film d\u2019aventures dot\u00e9 d\u2019un souffle \u00e9pique. En t\u00e9moigne la tirade quasi larmoyante du roi Arthur face aux chevaliers qui refusent de partir en qu\u00eate.<\/p>\n<p class=\"asset asset-text\">Oui, les images sont belles, les d\u00e9cors soign\u00e9s et les dialogues fid\u00e8les au \u00ab\u00a0style Astier\u00a0\u00bb. Mais ni cela, ni le casting XXL (qui compte notamment les enfants du r\u00e9alisateur) ne parviennent \u00e0 masquer les d\u00e9fauts d\u2019un film aux ambitions trop grandes. Inutile de d\u00e9velopper plus que cela, le film ne nous a pas captiv\u00e9s, mais m\u00eame franchement ennuy\u00e9s. Est-ce qu\u2019on est dur\u00a0? C\u2019est pas faux.<\/p>\n","protected":false},"excerpt":{"rendered":"SND Alexandre Astier et Anne Girouard dans \u00ab\u00a0Kaameloot : Dueuxi\u00e8me volet partie 1\u00a0\u00bb CIN\u00c9MA \u2013 Apr\u00e8s quatre ans&hellip;\n","protected":false},"author":2,"featured_media":479987,"comment_status":"","ping_status":"","sticky":false,"template":"","format":"standard","meta":{"footnotes":""},"categories":[1354],"tags":[14989,650,251,58,59,1346,1011,27,41019,1360],"class_list":{"0":"post-479986","1":"post","2":"type-post","3":"status-publish","4":"format-standard","5":"has-post-thumbnail","7":"category-films","8":"tag-alexandre-astier","9":"tag-cinema","10":"tag-culture","11":"tag-divertissement","12":"tag-entertainment","13":"tag-films","14":"tag-fr","15":"tag-france","16":"tag-kaamelott","17":"tag-movies"},"share_on_mastodon":{"url":"https:\/\/pubeurope.com\/@fr\/115413309212373205","error":""},"_links":{"self":[{"href":"https:\/\/www.europesays.com\/fr\/wp-json\/wp\/v2\/posts\/479986","targetHints":{"allow":["GET"]}}],"collection":[{"href":"https:\/\/www.europesays.com\/fr\/wp-json\/wp\/v2\/posts"}],"about":[{"href":"https:\/\/www.europesays.com\/fr\/wp-json\/wp\/v2\/types\/post"}],"author":[{"embeddable":true,"href":"https:\/\/www.europesays.com\/fr\/wp-json\/wp\/v2\/users\/2"}],"replies":[{"embeddable":true,"href":"https:\/\/www.europesays.com\/fr\/wp-json\/wp\/v2\/comments?post=479986"}],"version-history":[{"count":0,"href":"https:\/\/www.europesays.com\/fr\/wp-json\/wp\/v2\/posts\/479986\/revisions"}],"wp:featuredmedia":[{"embeddable":true,"href":"https:\/\/www.europesays.com\/fr\/wp-json\/wp\/v2\/media\/479987"}],"wp:attachment":[{"href":"https:\/\/www.europesays.com\/fr\/wp-json\/wp\/v2\/media?parent=479986"}],"wp:term":[{"taxonomy":"category","embeddable":true,"href":"https:\/\/www.europesays.com\/fr\/wp-json\/wp\/v2\/categories?post=479986"},{"taxonomy":"post_tag","embeddable":true,"href":"https:\/\/www.europesays.com\/fr\/wp-json\/wp\/v2\/tags?post=479986"}],"curies":[{"name":"wp","href":"https:\/\/api.w.org\/{rel}","templated":true}]}}