{"id":479994,"date":"2025-10-21T17:24:21","date_gmt":"2025-10-21T17:24:21","guid":{"rendered":"https:\/\/www.europesays.com\/fr\/479994\/"},"modified":"2025-10-21T17:24:21","modified_gmt":"2025-10-21T17:24:21","slug":"liphone-17-pro-ecrase-la-concurrence-grace-a-son-nouveau-capteur-carre","status":"publish","type":"post","link":"https:\/\/www.europesays.com\/fr\/479994\/","title":{"rendered":"L&rsquo;iPhone 17 Pro \u00e9crase la concurrence gr\u00e2ce \u00e0 son nouveau capteur carr\u00e9"},"content":{"rendered":"<p>L\u2019iPhone 17 Pro d\u2019Apple s\u2019impose comme le nouveau roi du selfie, selon les derniers tests de <strong>DxOMark<\/strong>. Avec un score impressionnant de <strong>154 points<\/strong>, il devance ses principaux concurrents. <\/p>\n<p><a href=\"https:\/\/images.frandroid.com\/wp-content\/uploads\/2025\/10\/pxl-20251021-101130048portrait2.jpg\" target=\"_blank\" class=\"article-content__figure\" rel=\"noopener\"><img fetchpriority=\"high\" decoding=\"async\" loading=\"eager\" width=\"1200\" height=\"903\" src=\"https:\/\/www.europesays.com\/fr\/wp-content\/uploads\/2025\/10\/pxl-20251021-101130048portrait2.jpg\" alt=\"\" class=\"wp-image-2838677 wp-image wp-image\"  \/><\/a>iPhone 17 Pro Max \/\/ Source : ElR \u2013 Frandroid<\/p>\n<p>\u00c0 l\u2019\u00e8re des reels et des vlogs, la qualit\u00e9 des cam\u00e9ras frontales est d\u00e9sormais un argument de vente important. <\/p>\n<p>Et sur ce terrain, l\u2019iPhone 17 Pro se place tr\u00e8s bien, <a target=\"_blank\" href=\"https:\/\/www.dxomark.com\/apple-iphone-17-pro-selfie-test\/\" rel=\"noopener\">au sommet du classement mondial des selfies de DxOMark<\/a> avec un score de <strong>154 points<\/strong>, d\u00e9passant ainsi l\u2019iPhone 16 Pro et le Honor Magic6 Pro, tous deux bloqu\u00e9s \u00e0 151 points. L\u2019iPhone 15 Pro suit avec 149 points, tandis que le Google Pixel 9 Pro XL atterrit \u00e0 148 points.<\/p>\n<p>La cl\u00e9 de ce succ\u00e8s ne r\u00e9side pas seulement dans une augmentation des m\u00e9gapixels, mais dans une innovation mat\u00e9rielle : un <strong>capteur avant carr\u00e9 de 18 Mpx<\/strong> qui \u00e9quipe toute la nouvelle gamme.<\/p>\n<p>Un capteur carr\u00e9 qui change la donne<\/p>\n<p>L\u2019ensemble de la gamme iPhone 17, du mod\u00e8le de base au Pro Max, b\u00e9n\u00e9ficie cette ann\u00e9e d\u2019une mise \u00e0 niveau du capteur selfie. Apple a abandonn\u00e9 l\u2019ancien capteur de 12 Mpx (f\/1,9, 1\/3,6 pouces) de l\u2019iPhone 16 Pro au profit d\u2019un tout <strong>nouveau capteur avant de 18 Mpx f\/1,9<\/strong>.<\/p>\n<p>Mais sa particularit\u00e9 la plus notable est son format : il s\u2019agit d\u2019un <strong>capteur carr\u00e9<\/strong>, une approche novatrice sur le march\u00e9 des smartphones. Concr\u00e8tement, cela permet aux utilisateurs de basculer entre des images en mode portrait (vertical) et en mode paysage (horizontal) <strong>sans avoir \u00e0 tourner physiquement le smartphone<\/strong>.<\/p>\n<p><a href=\"https:\/\/www.europesays.com\/fr\/wp-content\/uploads\/2025\/10\/capture-decran-2025-10-21-a-121412.png\" target=\"_blank\" class=\"article-content__figure\"><img loading=\"lazy\" decoding=\"async\" width=\"877\" height=\"543\" src=\"https:\/\/www.europesays.com\/fr\/wp-content\/uploads\/2025\/10\/capture-decran-2025-10-21-a-121412.png\" alt=\"\" class=\"wp-image-2838687 wp-image\"  \/><\/a>Source : DxOMark<\/p>\n<p>Des performances solides, mais pas parfaites<\/p>\n<p>Selon l\u2019analyse d\u00e9taill\u00e9e de DxOMark, ce nouveau mat\u00e9riel, combin\u00e9 au traitement d\u2019image d\u2019Apple, porte ses fruits. Le laboratoire note une <strong>exposition toujours pr\u00e9cise<\/strong>, une <strong>large plage dynamique<\/strong> et une <strong>reproduction fid\u00e8le des couleurs<\/strong>. La nouvelle focale de <strong>20 mm<\/strong> (contre 23 mm sur la g\u00e9n\u00e9ration pr\u00e9c\u00e9dente) facilite \u00e9galement la capture de photos de groupe sans distorsion excessive. DxOMark salue aussi un effet bokeh (flou d\u2019arri\u00e8re-plan) \u00ab tr\u00e8s pr\u00e9cis \u00bb, probablement aid\u00e9 par les capteurs du module Face ID.<\/p>\n<p>Tout n\u2019est cependant pas parfait. Le rapport de DxOMark souligne que les tons de peau ont tendance \u00e0 \u00eatre \u00ab l\u00e9g\u00e8rement trop chauds \u00bb. De plus, malgr\u00e9 l\u2019am\u00e9lioration, le capteur (qui reste relativement petit) montre encore du <strong>bruit num\u00e9rique visible en basse lumi\u00e8re<\/strong>. Enfin, la <strong>stabilisation de l\u2019image n\u2019est pas jug\u00e9e \u00ab totalement convaincante \u00bb<\/strong>, notamment lorsque l\u2019utilisateur est en mouvement important.<\/p>\n<p>    <a href=\"https:\/\/www.frandroid.com\/produits\/smartphones\/apple\/2788419-apple-iphone-17-pro\" class=\"product-resume__prices-title__product-name has-text-weight-bold\" target=\"_blank\" rel=\"noopener\"><br \/>\n    Apple iPhone 17 Pro    <\/a><br \/>\n        au meilleur prix<\/p>\n<p>                Voir plus d\u2019offres<br \/>\n                Voir moins d\u2019offres<\/p>\n<p>\n                iPhone 17 Pro<br \/>\n                L\u2019iPhone 17 Pro \u00e0 petit prix en location sans engagement\n            <\/p>\n","protected":false},"excerpt":{"rendered":"L\u2019iPhone 17 Pro d\u2019Apple s\u2019impose comme le nouveau roi du selfie, selon les derniers tests de DxOMark. Avec&hellip;\n","protected":false},"author":2,"featured_media":479995,"comment_status":"","ping_status":"","sticky":false,"template":"","format":"standard","meta":{"footnotes":""},"categories":[7],"tags":[12578,12579,1011,27,43,40,41,39,42,44],"class_list":{"0":"post-479994","1":"post","2":"type-post","3":"status-publish","4":"format-standard","5":"has-post-thumbnail","7":"category-sciences-et-technologies","8":"tag-apple-iphone-17-pro","9":"tag-apple-iphone-17-pro-max","10":"tag-fr","11":"tag-france","12":"tag-science","13":"tag-science-and-technology","14":"tag-sciences","15":"tag-sciences-et-technologies","16":"tag-technologies","17":"tag-technology"},"share_on_mastodon":{"url":"https:\/\/pubeurope.com\/@fr\/115413324185596538","error":""},"_links":{"self":[{"href":"https:\/\/www.europesays.com\/fr\/wp-json\/wp\/v2\/posts\/479994","targetHints":{"allow":["GET"]}}],"collection":[{"href":"https:\/\/www.europesays.com\/fr\/wp-json\/wp\/v2\/posts"}],"about":[{"href":"https:\/\/www.europesays.com\/fr\/wp-json\/wp\/v2\/types\/post"}],"author":[{"embeddable":true,"href":"https:\/\/www.europesays.com\/fr\/wp-json\/wp\/v2\/users\/2"}],"replies":[{"embeddable":true,"href":"https:\/\/www.europesays.com\/fr\/wp-json\/wp\/v2\/comments?post=479994"}],"version-history":[{"count":0,"href":"https:\/\/www.europesays.com\/fr\/wp-json\/wp\/v2\/posts\/479994\/revisions"}],"wp:featuredmedia":[{"embeddable":true,"href":"https:\/\/www.europesays.com\/fr\/wp-json\/wp\/v2\/media\/479995"}],"wp:attachment":[{"href":"https:\/\/www.europesays.com\/fr\/wp-json\/wp\/v2\/media?parent=479994"}],"wp:term":[{"taxonomy":"category","embeddable":true,"href":"https:\/\/www.europesays.com\/fr\/wp-json\/wp\/v2\/categories?post=479994"},{"taxonomy":"post_tag","embeddable":true,"href":"https:\/\/www.europesays.com\/fr\/wp-json\/wp\/v2\/tags?post=479994"}],"curies":[{"name":"wp","href":"https:\/\/api.w.org\/{rel}","templated":true}]}}