{"id":479999,"date":"2025-10-21T17:27:13","date_gmt":"2025-10-21T17:27:13","guid":{"rendered":"https:\/\/www.europesays.com\/fr\/479999\/"},"modified":"2025-10-21T17:27:13","modified_gmt":"2025-10-21T17:27:13","slug":"une-bombe-meteorologique-a-quoi-sattendre-pour-la-tempete-qui-va-toucher-la-france-a-partir-de-jeudi","status":"publish","type":"post","link":"https:\/\/www.europesays.com\/fr\/479999\/","title":{"rendered":"Une \u00ab\u00a0bombe m\u00e9t\u00e9orologique\u00a0\u00bb\u00a0: \u00e0 quoi s\u2019attendre pour la temp\u00eate qui va toucher la France \u00e0 partir de jeudi"},"content":{"rendered":"<p class=\"paragraph text_align_left lp-f-body-02\">La France n\u2019en a pas fini avec les intemp\u00e9ries. Alors qu\u2019une tornade a balay\u00e9 plusieurs communes du Val-d\u2019Oise lundi, faisant au moins un mort, la fin de semaine promet d\u2019\u00eatre agit\u00e9e sur une tr\u00e8s large partie du pays. En cause, selon <a href=\"https:\/\/meteofrance.com\/actualites-et-dossiers\/actualites\/changement-de-temps-cette-semaine\" target=\"_blank\" rel=\"noreferrer nofollow noopener\">M\u00e9t\u00e9o France<\/a> : une d\u00e9pression qui va se former \u00ab sur le nord de la France \u00bb \u00e0 partir de jeudi. \u00ab La journ\u00e9e sera tr\u00e8s agit\u00e9e sur tout le pays avec des pluies parfois soutenues et du vent tr\u00e8s fort. Il pourrait d\u00e9passer localement 100 km\/h jusque dans les terres \u00bb, \u00e9crit l\u2019organisme m\u00e9t\u00e9orologique dans son bulletin de la semaine.<\/p>\n<p class=\"paragraph text_align_left lp-f-body-02\">\u00c0 quoi s\u2019attendre pr\u00e9cis\u00e9ment ? Probablement \u00e0 une temp\u00eate, qui, si elle atteint ce stade, sera nomm\u00e9e Benjamin, et qui va \u00ab traverser la France avec des vents extr\u00eamement forts \u00bb, confirme au Parisien le m\u00e9t\u00e9orologue et directeur g\u00e9n\u00e9ral chez Medias-Weather, Patrick Marli\u00e8re. Cette d\u00e9pression devrait venir des \u00eeles Britanniques, d\u00e8s ce mercredi soir. \u00ab Elle se d\u00e9veloppera dans la nuit de mercredi \u00e0 jeudi avec des vents violents sur la Manche et sur la fa\u00e7ade Atlantique \u00bb, d\u00e9taille Patrick Marli\u00e8re.<\/p>\n<p class=\"paragraph text_align_left lp-f-body-02\">Puis ce ph\u00e9nom\u00e8ne va se d\u00e9velopper plus largement jeudi matin. La fa\u00e7ade Atlantique, de la Gironde aux Pyr\u00e9n\u00e9es-Atlantiques en t\u00eate, sera alors le secteur le plus touch\u00e9 avec des vents qui pourraient d\u00e9passer les 130 km\/h.<\/p>\n<p class=\"paragraph text_align_left lp-f-body-02\">Attention toutefois, l\u2019intensit\u00e9 exacte du ph\u00e9nom\u00e8ne \u00ab reste \u00e0 pr\u00e9ciser \u00bb, tout comme le \u00ab niveau des vents \u00bb, a expliqu\u00e9, sur le r\u00e9seau social X, l\u2019analyste en m\u00e9t\u00e9orologie <a href=\"https:\/\/x.com\/GJauseau\/status\/1980311991005917592\" target=\"_blank\" rel=\"noreferrer nofollow\">Guillaume Jauseau<\/a>.<\/p>\n<p>Vers une \u00ab bombe m\u00e9t\u00e9orologique \u00bb ?<\/p>\n<p class=\"paragraph text_align_left lp-f-body-02\">Mais selon les pr\u00e9visions \u00e0 la mi-journ\u00e9e de mardi, le ph\u00e9nom\u00e8ne devrait ensuite se d\u00e9caler et toucher une zone plus \u00e0 l\u2019est du pays. \u00ab Les rafales de vents pourraient d\u00e9passer les 140 km\/h en Corse \u00bb, anticipe Patrick Marli\u00e8re. Dans les Alpes \u00e9galement, on s\u2019attend \u00e0 des rafales jusqu\u2019\u00e0 130 km\/h en montagne. Un tel d\u00e9placement est-il \u00e9tonnant ? Pas vraiment, r\u00e9pond le sp\u00e9cialiste. \u00ab Ce sont des chemins pris r\u00e9guli\u00e8rement par les temp\u00eates \u00bb, explique-t-il. L\u2019\u00cele-de-France devrait, pour sa part, \u00eatre relativement \u00e9pargn\u00e9e.<\/p>\n<p class=\"paragraph text_align_left lp-f-body-02\">Ce qui est plus rare, en revanche, \u00e0 cette p\u00e9riode de l\u2019ann\u00e9e, c\u2019est sa puissance. \u00ab \u00c7a fait longtemps qu\u2019on n\u2019a pas vu une telle intensit\u00e9 \u00e0 ce moment-l\u00e0 de l\u2019ann\u00e9e \u00bb, d\u00e9crit Patrick Marli\u00e8re. En cause, la rencontre &#8211; habituelle &#8211; entre une masse d\u2019air chaude venant de l\u2019\u00c9quateur et une masse d\u2019air plus froide venue du Nord coupl\u00e9e \u00e0 une chute de la pression atmosph\u00e9rique au sein de la d\u00e9pression.<\/p>\n<p class=\"paragraph text_align_left lp-f-body-02\">On dit alors qu\u2019elle se \u00ab creuse \u00bb : plus la pression est basse au sein d\u2019une d\u00e9pression atmosph\u00e9rique, plus le ph\u00e9nom\u00e8ne est intense. \u00ab Il y a une possibilit\u00e9 que \u00e7a devienne une <a href=\"https:\/\/www.leparisien.fr\/environnement\/tempete-eunice-cest-quoi-au-juste-une-bombe-meteo-18-02-2022-W66U3E5YYZAVDOAPCRAMTYIN6M.php\" target=\"_blank\" rel=\"noreferrer nofollow noopener\">bombe m\u00e9t\u00e9orologique <\/a>\u00bb, d\u00e9crit Patrick Marli\u00e8re. En clair, que l\u2019intensit\u00e9 soit tr\u00e8s importante. Celle-ci devrait progressivement baisser jusqu\u2019\u00e0 vendredi matin.<\/p>\n<p class=\"paragraph text_align_left lp-f-body-02\">Les services m\u00e9t\u00e9orologiques devraient \u00e9mettre selon toute vraisemblance une vigilance orange dans la journ\u00e9e de mercredi pour \u00ab vent violent \u00bb. Avec des feuilles encore nombreuses sur les arbres, leur prise au vent devrait accentuer le risque de chute. Un risque de les \u00ab vagues-submersion \u00bb sur la fa\u00e7ade atlantique est \u00e9galement \u00e0 pr\u00e9voir, avec un coefficient de mar\u00e9e sup\u00e9rieur \u00e0 80 jeudi. <\/p>\n<p class=\"paragraph text_align_left lp-f-body-02\">Enfin, d\u2019apr\u00e8s les pr\u00e9visions, cette temp\u00eate s\u2019accompagnera de \u00ab fortes pr\u00e9cipitations \u00bb, sans que l\u2019hypoth\u00e8se de \u00ab perturbations orageuses \u00bb ne puisse \u00eatre \u00e9cart\u00e9e.<\/p>\n<p class=\"paragraph text_align_left lp-f-body-02\">Les temp\u00e9ratures risquent ensuite de chuter entre dimanche et lundi, \u00e0 trois ou quatre degr\u00e9s en dessous des normales de saison. Apr\u00e8s une entr\u00e9e fracassante, l\u2019automne posera bien ses valises.<\/p>\n","protected":false},"excerpt":{"rendered":"La France n\u2019en a pas fini avec les intemp\u00e9ries. Alors qu\u2019une tornade a balay\u00e9 plusieurs communes du Val-d\u2019Oise&hellip;\n","protected":false},"author":2,"featured_media":480000,"comment_status":"","ping_status":"","sticky":false,"template":"","format":"standard","meta":{"footnotes":""},"categories":[4],"tags":[11,1011,27,2487,12,25],"class_list":{"0":"post-479999","1":"post","2":"type-post","3":"status-publish","4":"format-standard","5":"has-post-thumbnail","7":"category-france","8":"tag-actualites","9":"tag-fr","10":"tag-france","11":"tag-meteo","12":"tag-news","13":"tag-republique-francaise"},"share_on_mastodon":{"url":"https:\/\/pubeurope.com\/@fr\/115413335734132632","error":""},"_links":{"self":[{"href":"https:\/\/www.europesays.com\/fr\/wp-json\/wp\/v2\/posts\/479999","targetHints":{"allow":["GET"]}}],"collection":[{"href":"https:\/\/www.europesays.com\/fr\/wp-json\/wp\/v2\/posts"}],"about":[{"href":"https:\/\/www.europesays.com\/fr\/wp-json\/wp\/v2\/types\/post"}],"author":[{"embeddable":true,"href":"https:\/\/www.europesays.com\/fr\/wp-json\/wp\/v2\/users\/2"}],"replies":[{"embeddable":true,"href":"https:\/\/www.europesays.com\/fr\/wp-json\/wp\/v2\/comments?post=479999"}],"version-history":[{"count":0,"href":"https:\/\/www.europesays.com\/fr\/wp-json\/wp\/v2\/posts\/479999\/revisions"}],"wp:featuredmedia":[{"embeddable":true,"href":"https:\/\/www.europesays.com\/fr\/wp-json\/wp\/v2\/media\/480000"}],"wp:attachment":[{"href":"https:\/\/www.europesays.com\/fr\/wp-json\/wp\/v2\/media?parent=479999"}],"wp:term":[{"taxonomy":"category","embeddable":true,"href":"https:\/\/www.europesays.com\/fr\/wp-json\/wp\/v2\/categories?post=479999"},{"taxonomy":"post_tag","embeddable":true,"href":"https:\/\/www.europesays.com\/fr\/wp-json\/wp\/v2\/tags?post=479999"}],"curies":[{"name":"wp","href":"https:\/\/api.w.org\/{rel}","templated":true}]}}