{"id":480003,"date":"2025-10-21T17:29:45","date_gmt":"2025-10-21T17:29:45","guid":{"rendered":"https:\/\/www.europesays.com\/fr\/480003\/"},"modified":"2025-10-21T17:29:45","modified_gmt":"2025-10-21T17:29:45","slug":"saint-chamond-une-ecrivaine-couramiaude-a-publie-un-recueil-de-poesie","status":"publish","type":"post","link":"https:\/\/www.europesays.com\/fr\/480003\/","title":{"rendered":"Saint-Chamond. Une \u00e9crivaine couramiaude a publi\u00e9 un recueil de po\u00e9sie"},"content":{"rendered":"<blockquote class=\"question\"><p>Pouvez-vous vous pr\u00e9senter\u00a0?<\/p><\/blockquote>\n<p>\u00ab\u00a0Je m\u2019appelle Zo\u00e9 Thomas Richier, j\u2019ai vingt ans. Je viens de terminer mes \u00e9tudes d\u2019immobilier et je suis partie un an aux \u00c9tats-Unis, et depuis toujours, je suis passionn\u00e9e d\u2019anglais et d\u2019\u00e9criture.\u00a0\u00bb<\/p>\n<blockquote class=\"question\"><p>Comment vous \u00eates-vous lanc\u00e9e dans l\u2019\u00e9criture de la po\u00e9sie\u00a0?<\/p><\/blockquote>\n<p>\u00ab\u00a0L\u2019\u00e9criture a toujours fait partie de ma vie car depuis petite j\u2019\u00e9cris avec mon grand-p\u00e8re. La po\u00e9sie est venue \u00e0 moi un peu par hasard, gr\u00e2ce \u00e0 une professeure de fran\u00e7ais qui a jou\u00e9 un r\u00f4le d\u00e9terminant dans mon parcours. Un jour, elle m\u2019a propos\u00e9 un d\u00e9fi\u00a0: \u00e9crire dix&#8230;<\/p>\n","protected":false},"excerpt":{"rendered":"Pouvez-vous vous pr\u00e9senter\u00a0? \u00ab\u00a0Je m\u2019appelle Zo\u00e9 Thomas Richier, j\u2019ai vingt ans. Je viens de terminer mes \u00e9tudes d\u2019immobilier&hellip;\n","protected":false},"author":2,"featured_media":480004,"comment_status":"","ping_status":"","sticky":false,"template":"","format":"standard","meta":{"footnotes":""},"categories":[9653],"tags":[1111,11,2430,1687,7539,1777,674,1011,27,2410,12,25,9669,9670,4001],"class_list":{"0":"post-480003","1":"post","2":"type-post","3":"status-publish","4":"format-standard","5":"has-post-thumbnail","7":"category-saint-etienne","8":"tag-actu","9":"tag-actualites","10":"tag-auvergne-rhone-alpes","11":"tag-culture-loisirs","12":"tag-edition-loire-sud","13":"tag-eu","14":"tag-europe","15":"tag-fr","16":"tag-france","17":"tag-livres-bd","18":"tag-news","19":"tag-republique-francaise","20":"tag-saint-chamond","21":"tag-saint-chamond-ville","22":"tag-saint-etienne"},"share_on_mastodon":{"url":"https:\/\/pubeurope.com\/@fr\/115413343600608534","error":""},"_links":{"self":[{"href":"https:\/\/www.europesays.com\/fr\/wp-json\/wp\/v2\/posts\/480003","targetHints":{"allow":["GET"]}}],"collection":[{"href":"https:\/\/www.europesays.com\/fr\/wp-json\/wp\/v2\/posts"}],"about":[{"href":"https:\/\/www.europesays.com\/fr\/wp-json\/wp\/v2\/types\/post"}],"author":[{"embeddable":true,"href":"https:\/\/www.europesays.com\/fr\/wp-json\/wp\/v2\/users\/2"}],"replies":[{"embeddable":true,"href":"https:\/\/www.europesays.com\/fr\/wp-json\/wp\/v2\/comments?post=480003"}],"version-history":[{"count":0,"href":"https:\/\/www.europesays.com\/fr\/wp-json\/wp\/v2\/posts\/480003\/revisions"}],"wp:featuredmedia":[{"embeddable":true,"href":"https:\/\/www.europesays.com\/fr\/wp-json\/wp\/v2\/media\/480004"}],"wp:attachment":[{"href":"https:\/\/www.europesays.com\/fr\/wp-json\/wp\/v2\/media?parent=480003"}],"wp:term":[{"taxonomy":"category","embeddable":true,"href":"https:\/\/www.europesays.com\/fr\/wp-json\/wp\/v2\/categories?post=480003"},{"taxonomy":"post_tag","embeddable":true,"href":"https:\/\/www.europesays.com\/fr\/wp-json\/wp\/v2\/tags?post=480003"}],"curies":[{"name":"wp","href":"https:\/\/api.w.org\/{rel}","templated":true}]}}