{"id":480006,"date":"2025-10-21T17:35:12","date_gmt":"2025-10-21T17:35:12","guid":{"rendered":"https:\/\/www.europesays.com\/fr\/480006\/"},"modified":"2025-10-21T17:35:12","modified_gmt":"2025-10-21T17:35:12","slug":"verdun-basile-stcherbinine-un-meusien-major-de-promo-en-economie-a-nancy","status":"publish","type":"post","link":"https:\/\/www.europesays.com\/fr\/480006\/","title":{"rendered":"Verdun. Basile Stcherbinine, un Meusien major de promo en \u00e9conomie \u00e0 Nancy"},"content":{"rendered":"<p>Il est tout simplement major de promo en master 2 d\u2019\u00e9conomie de la r\u00e9gulation des march\u00e9s \u00e0 la facult\u00e9 de droit, sciences \u00e9conomiques et gestion de Nancy. Basile Stcherbinine, Verdunois de 24 ans, a eu droit aux honneurs lors d\u2019une c\u00e9r\u00e9monie organis\u00e9e derni\u00e8rement \u00e0 l\u2019h\u00f4tel de ville de Nancy.<\/p>\n<p>Un nouveau dipl\u00f4me dans un bagage universitaire d\u00e9j\u00e0 bien rempli d\u2019une double licence de droit et d\u2019\u00e9conomie et double master 1 en droit public et \u00e9conomie. Simple formalit\u00e9 pour celui qui a fait ses premi\u00e8res gammes au coll\u00e8ge Saint-Jean puis au lyc\u00e9e Margueritte \u00e0 Verdun. \u00ab\u00a0Je viens de faire ma rentr\u00e9e en master 2 de droit public des affaires, sp\u00e9cialis\u00e9 en droit des march\u00e9s et des contrats publics afin d\u2019achever mon double cursus\u00a0\u00bb, pr\u00e9cise celui qui se passionne depuis longtemps pour les affaires publiques.<\/p>\n<p>  Ancien maire du conseil municipal des jeunes<\/p>\n<p>\u00ab\u00a0Coll\u00e9gien, j\u2019\u00e9tais devenu durant deux ans adjoint au maire en charge de l\u2019environnement au conseil municipal des jeunes \u00e0 Verdun, avant de prendre durant un an les fonctions de maire de ce m\u00eame conseil lors de ma classe de seconde au lyc\u00e9e Margueritte\u00a0\u00bb.<\/p>\n<p>Cette v\u00e9ritable vocation l\u2019a \u00e9galement amen\u00e9 \u00e0 prendre les fonctions de vice-pr\u00e9sident de Lorraine \u00e9conomie et conseils, \u00ab\u00a0structure associative de conseil aux entreprises et aux collectivit\u00e9s territoriales en charge de\u00a0l\u2019analyse et de l\u2019\u00e9valuation des politiques publiques\u00a0\u00bb. Ce brillant cursus devrait lui ouvrir bien des portes d\u2019analyste ou de conseil aupr\u00e8s de collectivit\u00e9s territoriales ou d\u2019entreprises d\u00e8s son arriv\u00e9e en juin\u00a02026 sur le march\u00e9 du travail, en Meuse ou ailleurs\u2026<\/p>\n<p>Curieux par nature et d\u00e9sireux de d\u00e9velopper largement ses connaissances en interdisciplinarit\u00e9, Basile Stcherbinine est aussi un sportif accompli ayant pratiqu\u00e9 dans sa jeunesse a\u00efkido, basket, volley-ball. Bref, la t\u00eate et les jambes\u00a0!<\/p>\n","protected":false},"excerpt":{"rendered":"Il est tout simplement major de promo en master 2 d\u2019\u00e9conomie de la r\u00e9gulation des march\u00e9s \u00e0 la&hellip;\n","protected":false},"author":2,"featured_media":480007,"comment_status":"","ping_status":"","sticky":false,"template":"","format":"standard","meta":{"footnotes":""},"categories":[9635],"tags":[1111,11,3599,33,3602,10174,1057,4854,1777,674,10961,5016,1011,27,775,11209,1702,12,316,25,104,10172,10173],"class_list":{"0":"post-480006","1":"post","2":"type-post","3":"status-publish","4":"format-standard","5":"has-post-thumbnail","7":"category-nancy","8":"tag-actu","9":"tag-actualites","10":"tag-college-lycee","11":"tag-economie","12":"tag-edition-bar-le-duc","13":"tag-edition-verdun","14":"tag-education","15":"tag-enseignement-superieur","16":"tag-eu","17":"tag-europe","18":"tag-examen-diplome","19":"tag-formation-orientation","20":"tag-fr","21":"tag-france","22":"tag-grand-est","23":"tag-meuse","24":"tag-nancy","25":"tag-news","26":"tag-politique","27":"tag-republique-francaise","28":"tag-societe","29":"tag-verdun","30":"tag-verdun-ville-55a"},"share_on_mastodon":{"url":"https:\/\/pubeurope.com\/@fr\/115413367135419680","error":""},"_links":{"self":[{"href":"https:\/\/www.europesays.com\/fr\/wp-json\/wp\/v2\/posts\/480006","targetHints":{"allow":["GET"]}}],"collection":[{"href":"https:\/\/www.europesays.com\/fr\/wp-json\/wp\/v2\/posts"}],"about":[{"href":"https:\/\/www.europesays.com\/fr\/wp-json\/wp\/v2\/types\/post"}],"author":[{"embeddable":true,"href":"https:\/\/www.europesays.com\/fr\/wp-json\/wp\/v2\/users\/2"}],"replies":[{"embeddable":true,"href":"https:\/\/www.europesays.com\/fr\/wp-json\/wp\/v2\/comments?post=480006"}],"version-history":[{"count":0,"href":"https:\/\/www.europesays.com\/fr\/wp-json\/wp\/v2\/posts\/480006\/revisions"}],"wp:featuredmedia":[{"embeddable":true,"href":"https:\/\/www.europesays.com\/fr\/wp-json\/wp\/v2\/media\/480007"}],"wp:attachment":[{"href":"https:\/\/www.europesays.com\/fr\/wp-json\/wp\/v2\/media?parent=480006"}],"wp:term":[{"taxonomy":"category","embeddable":true,"href":"https:\/\/www.europesays.com\/fr\/wp-json\/wp\/v2\/categories?post=480006"},{"taxonomy":"post_tag","embeddable":true,"href":"https:\/\/www.europesays.com\/fr\/wp-json\/wp\/v2\/tags?post=480006"}],"curies":[{"name":"wp","href":"https:\/\/api.w.org\/{rel}","templated":true}]}}