{"id":48001,"date":"2025-04-24T01:40:25","date_gmt":"2025-04-24T01:40:25","guid":{"rendered":"https:\/\/www.europesays.com\/fr\/48001\/"},"modified":"2025-04-24T01:40:25","modified_gmt":"2025-04-24T01:40:25","slug":"le-directeur-general-du-gf38-en-dit-plus-sur-lavenir-du-coach-franck-rizzetto","status":"publish","type":"post","link":"https:\/\/www.europesays.com\/fr\/48001\/","title":{"rendered":"le directeur g\u00e9n\u00e9ral du GF38 en dit plus sur l&rsquo;avenir du coach Franck Rizzetto"},"content":{"rendered":"<p>\t\t\t\t\t\t\t\t\t\t\t<img loading=\"lazy\" decoding=\"async\" width=\"1110\" title=\"Football\u00a0: le directeur g\u00e9n\u00e9ral du GF38 en dit plus sur l'avenir du coach Franck Rizzetto\" class=\"img-fluid not_lzld mb-3\" src=\"https:\/\/www.europesays.com\/fr\/wp-content\/uploads\/2025\/04\/1110x624_football-le-directeur-general-du-gf38-en-dit-plus-sur-l-avenir-du-coach-franck-rizzetto_680\" alt=\"Football\u00a0: le directeur g\u00e9n\u00e9ral du GF38 en dit plus sur l'avenir du coach Franck Rizzetto\" itemprop=\"image\" height=\"624\"\/>\t\t\t\t\t\t\t\t\t\t\t\t<\/p>\n<p>Football\u00a0: le directeur g\u00e9n\u00e9ral du GF38 en dit plus sur l&rsquo;avenir du coach Franck Rizzetto &#8211; DR<\/p>\n<p itemprop=\"description\"><strong>En place depuis janvier, Franck Rizzetto, entra\u00eeneur de Grenoble, ne semble pas avoir totalement emball\u00e9 son directeur g\u00e9n\u00e9ral, Max Marty.<\/strong><\/p>\n<p class=\"x_MsoNormal\" style=\"color: #242424; font-style: normal; font-variant-ligatures: normal; font-variant-caps: normal; font-weight: 400; letter-spacing: normal; orphans: 2; text-align: start; text-indent: 0px; text-transform: none; widows: 2; word-spacing: 0px; -webkit-text-stroke-width: 0px; white-space: normal; background-color: #ffffff; text-decoration-thickness: initial; text-decoration-style: initial; text-decoration-color: initial; margin: 0cm 0cm 8pt; line-height: 18.4px; font-size: 12pt; font-family: Calibri, sans-serif;\">Encore une saison moyenne pour Grenoble. Actuellement neuvi\u00e8mes de Ligue 2 avec 40 points, les Is\u00e9rois n\u2019ont plus grand-chose \u00e0 esp\u00e9rer. Ils sont \u00e0 huit points de la cinqui\u00e8me place, qualificative pour les play-offs. Le maintien, quant \u00e0 lui, est presque act\u00e9. L\u2019entra\u00eeneur Franck Rizzetto, en poste depuis le mois de janvier, ne semble pas \u00eatre assur\u00e9 de continuer l\u2019aventure pour la saison 2025-2026.<\/p>\n<p class=\"x_MsoNormal\" style=\"color: #242424; font-style: normal; font-variant-ligatures: normal; font-variant-caps: normal; font-weight: 400; letter-spacing: normal; orphans: 2; text-align: start; text-indent: 0px; text-transform: none; widows: 2; word-spacing: 0px; -webkit-text-stroke-width: 0px; white-space: normal; background-color: #ffffff; text-decoration-thickness: initial; text-decoration-style: initial; text-decoration-color: initial; margin: 0cm 0cm 8pt; line-height: 18.4px; font-size: 12pt; font-family: Calibri, sans-serif;\"><strong>\u00ab\u00a0On a besoin d&rsquo;attendre la fin de saison\u00a0\u00bb<\/strong><\/p>\n<p class=\"x_MsoNormal\" style=\"color: #242424; font-style: normal; font-variant-ligatures: normal; font-variant-caps: normal; font-weight: 400; letter-spacing: normal; orphans: 2; text-align: start; text-indent: 0px; text-transform: none; widows: 2; word-spacing: 0px; -webkit-text-stroke-width: 0px; white-space: normal; background-color: #ffffff; text-decoration-thickness: initial; text-decoration-style: initial; text-decoration-color: initial; margin: 0cm 0cm 8pt; line-height: 18.4px; font-size: 12pt; font-family: Calibri, sans-serif;\">Dans un entretien accord\u00e9 \u00e0 nos confr\u00e8res du <a href=\"https:\/\/c.ledauphine.com\/sport\/2025\/04\/21\/marty-il-nous-manque-un-petit-truc\" target=\"_blank\" rel=\"noopener\">Dauphin\u00e9 Lib\u00e9r\u00e9<\/a>, le directeur g\u00e9n\u00e9ral du GF38, Max Marty, a donn\u00e9 plus d\u2019indications sur l\u2019avenir de l\u2019entra\u00eeneur de 54 ans : \u00ab\u00a0Il coche beaucoup de cases pour la suite.\u00a0Apr\u00e8s, il y a un \u00e9l\u00e9ment \u00e0 prendre en compte et que lui doit aussi entendre, c&rsquo;est qu&rsquo;il faut qu&rsquo;on gagne des matches. On a un ratio de points depuis son arriv\u00e9e qui n&rsquo;est pas suffisant\u00a0\u00bb.<\/p>\n<p class=\"x_MsoNormal\" style=\"color: #242424; font-style: normal; font-variant-ligatures: normal; font-variant-caps: normal; font-weight: 400; letter-spacing: normal; orphans: 2; text-align: start; text-indent: 0px; text-transform: none; widows: 2; word-spacing: 0px; -webkit-text-stroke-width: 0px; white-space: normal; background-color: #ffffff; text-decoration-thickness: initial; text-decoration-style: initial; text-decoration-color: initial; margin: 0cm 0cm 8pt; line-height: 18.4px; font-size: 12pt; font-family: Calibri, sans-serif;\">Sur 12 rencontres, le technicien grenoblois a un bilan de trois victoires, quatre nuls et cinq d\u00e9faites. Trop insuffisant pour un club qui stagne dans le ventre mou du championnat depuis quatre ans. \u00ab\u00a0Aujourd&rsquo;hui, rien ne me fait dire que la prolongation de son contrat n&rsquo;est pas possible. Les clignotants sont plut\u00f4t au vert mais on a besoin d&rsquo;attendre la fin de saison\u00a0\u00bb, a tenu \u00e0 ajouter Max Marty.<\/p>\n<p class=\"x_MsoNormal\" style=\"color: #242424; font-style: normal; font-variant-ligatures: normal; font-variant-caps: normal; font-weight: 400; letter-spacing: normal; orphans: 2; text-align: start; text-indent: 0px; text-transform: none; widows: 2; word-spacing: 0px; -webkit-text-stroke-width: 0px; white-space: normal; background-color: #ffffff; text-decoration-thickness: initial; text-decoration-style: initial; text-decoration-color: initial; margin: 0cm 0cm 8pt; line-height: 18.4px; font-size: 12pt; font-family: Calibri, sans-serif;\">Cap d\u00e9sormais sur la r\u00e9ception de Bastia pour la 32e journ\u00e9e de Ligue 2, ce vendredi \u00e0 20h (beIN SPORTS), avec un Franck Rizzetto en mission.<\/p>\n","protected":false},"excerpt":{"rendered":"Football\u00a0: le directeur g\u00e9n\u00e9ral du GF38 en dit plus sur l&rsquo;avenir du coach Franck Rizzetto &#8211; DR En&hellip;\n","protected":false},"author":2,"featured_media":48002,"comment_status":"","ping_status":"","sticky":false,"template":"","format":"standard","meta":{"footnotes":""},"categories":[9566],"tags":[1111,11,7733,8279,2430,7736,650,7734,2889,2263,1777,674,1011,27,2731,8280,6417,1114,108,4662,12,3725,1825,25,7737],"class_list":{"0":"post-48001","1":"post","2":"type-post","3":"status-publish","4":"format-standard","5":"has-post-thumbnail","7":"category-grenoble","8":"tag-actu","9":"tag-actualites","10":"tag-alpes","11":"tag-alpes1","12":"tag-auvergne-rhone-alpes","13":"tag-cds","14":"tag-cinema","15":"tag-ecoute","16":"tag-emission","17":"tag-equipe","18":"tag-eu","19":"tag-europe","20":"tag-fr","21":"tag-france","22":"tag-grenoble","23":"tag-haute","24":"tag-information","25":"tag-infos","26":"tag-isere","27":"tag-journal","28":"tag-news","29":"tag-podcast","30":"tag-radio","31":"tag-republique-francaise","32":"tag-winamp"},"share_on_mastodon":{"url":"https:\/\/pubeurope.com\/@fr\/114390396084846599","error":""},"_links":{"self":[{"href":"https:\/\/www.europesays.com\/fr\/wp-json\/wp\/v2\/posts\/48001","targetHints":{"allow":["GET"]}}],"collection":[{"href":"https:\/\/www.europesays.com\/fr\/wp-json\/wp\/v2\/posts"}],"about":[{"href":"https:\/\/www.europesays.com\/fr\/wp-json\/wp\/v2\/types\/post"}],"author":[{"embeddable":true,"href":"https:\/\/www.europesays.com\/fr\/wp-json\/wp\/v2\/users\/2"}],"replies":[{"embeddable":true,"href":"https:\/\/www.europesays.com\/fr\/wp-json\/wp\/v2\/comments?post=48001"}],"version-history":[{"count":0,"href":"https:\/\/www.europesays.com\/fr\/wp-json\/wp\/v2\/posts\/48001\/revisions"}],"wp:featuredmedia":[{"embeddable":true,"href":"https:\/\/www.europesays.com\/fr\/wp-json\/wp\/v2\/media\/48002"}],"wp:attachment":[{"href":"https:\/\/www.europesays.com\/fr\/wp-json\/wp\/v2\/media?parent=48001"}],"wp:term":[{"taxonomy":"category","embeddable":true,"href":"https:\/\/www.europesays.com\/fr\/wp-json\/wp\/v2\/categories?post=48001"},{"taxonomy":"post_tag","embeddable":true,"href":"https:\/\/www.europesays.com\/fr\/wp-json\/wp\/v2\/tags?post=48001"}],"curies":[{"name":"wp","href":"https:\/\/api.w.org\/{rel}","templated":true}]}}