{"id":480019,"date":"2025-10-21T17:42:22","date_gmt":"2025-10-21T17:42:22","guid":{"rendered":"https:\/\/www.europesays.com\/fr\/480019\/"},"modified":"2025-10-21T17:42:22","modified_gmt":"2025-10-21T17:42:22","slug":"deux-ans-apres-un-accident-avec-une-grue-ce-pont-de-rouen-va-rouvrir-completement-a-la-circulation","status":"publish","type":"post","link":"https:\/\/www.europesays.com\/fr\/480019\/","title":{"rendered":"Deux ans apr\u00e8s un accident avec une grue, ce pont de Rouen va rouvrir compl\u00e8tement \u00e0 la circulation"},"content":{"rendered":"<p>            Par<br \/>\n        <strong><br \/>\n            <a href=\"https:\/\/actu.fr\/auteur\/yann-rivallan\" title=\"Consulter tous les articles de Yann Rivallan\" target=\"_blank\" rel=\"noopener\">Yann Rivallan<\/a><br \/>\n        <\/strong><\/p>\n<p>        Publi\u00e9 le<\/p>\n<p>            21 oct. 2025 \u00e0 19h04        <\/p>\n<p>C\u2019\u00e9tait un 24\u00a0d\u00e9cembre. \u00c0 quelques heures du r\u00e9veillon de No\u00ebl 2023, <strong>la grue d\u2019une p\u00e9niche<\/strong> s\u2019encastre dans <strong>le pont Guillaume-le-Conqu\u00e9rant<\/strong> \u00e0 Rouen. Deux ans plus tard,<a href=\"https:\/\/actu.fr\/normandie\/rouen_76540\/rouen-le-pont-guillaume-en-travaux-apres-l-accident-de-grue-combien-ca-coute-et-qui-va-payer_62949117.html\" target=\"_blank\" rel=\"noopener\"> les travaux de r\u00e9paration<\/a> sont sur le point de se conclure. Et la circulation, <strong>r\u00e9duite sur une voie<\/strong> dans le sens rive gauche \u2013 rive droite depuis deux ans, va pouvoir pleinement reprendre.<\/p>\n<p>\u00ab\u2009Un chantier dont on se serait bien pass\u00e9\u2009\u00bb<\/p>\n<p class=\" wall-content\">Mardi 21\u00a0octobre 2025, le maire de Rouen Nicolas Mayer-Rossignol a annonc\u00e9 la conclusion du chantier. D\u2019ici <strong>la fin du mois de novembre<\/strong>, les \u00e9chafaudages install\u00e9s sur le pont depuis juillet\u00a02025 vont dispara\u00eetre.<\/p>\n<p class=\" wall-content\">Et les deux voies de circulation, ainsi que la piste cyclable et le trottoir, rouvriront aux usagers dans ce sens. \u00ab\u2009Un chantier dont on se serait bien pass\u00e9\u2009\u00bb, souffle le maire de Rouen.<\/p>\n<p class=\" wall-content\">Les travaux repr\u00e9sentent une somme de <strong>\u00ab\u2009pr\u00e8s d\u2019un million d\u2019euros\u2009\u00bb<\/strong>, fait savoir l\u2019\u00e9dile. Et tout \u00e7a, on le rappelle, parce qu\u2019un \u00ab\u2009bateau a oubli\u00e9 de replier sa grue\u2009\u00bb, comme le soulignait Nicolas Mayer-Rossignol <a href=\"https:\/\/actu.fr\/normandie\/rouen_76540\/rouen-le-pont-guillaume-le-conquerant-est-ferme-apres-un-accident-rare-et-impressionnant_60495213.html\" target=\"_blank\" rel=\"noopener\">en fin d\u2019ann\u00e9e 2023<\/a>.<\/p>\n<p>Pourquoi a-t-il fallu attendre deux ans\u2009?<\/p>\n<p class=\" wall-content\">Mais pourquoi a-t-il fallu <strong>attendre deux ann\u00e9es<\/strong> avant de r\u00e9parer ce pont\u2009? \u00ab\u2009Ce sont des travaux assez compliqu\u00e9s\u2009\u00bb, indique un agent de la M\u00e9tropole Rouen Normandie. Avant l\u2019arriv\u00e9e des \u00e9chafaudages, de nombreuses \u00e9tapes ont \u00e9t\u00e9 n\u00e9cessaires.<\/p>\n<p class=\" wall-content\">D\u00e9j\u00e0, comme il s\u2019agit d\u2019un accident, <strong>les assurances<\/strong> ont d\u00fb entrer en jeu. Pour l\u2019heure, \u00ab\u2009il n\u2019y a pas de r\u00e9solution\u2009\u00bb, pr\u00e9cise le maire de Rouen. Ce qui veut dire que l\u2019argent n\u00e9cessaire aux r\u00e9parations a d\u00fb \u00eatre avanc\u00e9 par la collectivit\u00e9. \u00ab\u2009Sinon, on y serait encore\u2009\u00bb, assure Nicolas Mayer-Rossignol.<\/p>\n<p>Votre r\u00e9gion, votre actu !<\/p>\n<p>Recevez chaque jour les infos qui comptent pour vous.<\/p>\n<p>\t<a href=\"https:\/\/actu.fr\/newsletter\" class=\"ac-btn ac-btn--corner ac-btn--medium ac-btn--blue800\" target=\"_blank\" rel=\"noopener\">S&rsquo;incrire<\/a><\/p>\n<p class=\" wall-content\">Aussi, comme il s\u2019agit d\u2019un chantier co\u00fbteux, la M\u00e9tropole a \u00e9t\u00e9 dans l\u2019obligation de passer par des appels d\u2019offres et des march\u00e9s publics. Ce qui rallonge encore la sauce.<\/p>\n<p class=\" wall-content\">Une fois les entreprises trouv\u00e9es en d\u00e9but d\u2019ann\u00e9e 2025, <strong>une phase d\u2019\u00e9tudes<\/strong> entre avril et juin a \u00e9t\u00e9 men\u00e9e sur le pont. Et donc, c\u2019est \u00e0 la fin du mois de juillet de cette ann\u00e9e que les travaux ont enfin commenc\u00e9.<\/p>\n<p>De gros travaux de soudure<\/p>\n<p class=\" wall-content\">En surface, les d\u00e9g\u00e2ts sur le pont n\u2019avaient pas l\u2019air cons\u00e9quents. Mais lors de la conf\u00e9rence de presse du 21\u00a0octobre, 76actu a pu visiter le chantier. Une fois descendu sous le tablier du pont, on constate que les ouvriers ont eu fort \u00e0 faire.<\/p>\n<p class=\" wall-content\">Les stigmates laiss\u00e9s par la grue ne sont plus visibles. Toutefois, \u00ab\u2009il a fallu travailler sur une distance <strong>d\u2019environ dix m\u00e8tres\u2009\u00bb<\/strong>, sur la longueur du pont, comme le rappelle un des responsables du chantier.<\/p>\n<p class=\" wall-content\">Il s\u2019agit essentiellement de travaux de charpente m\u00e9tallique. Ils ont mobilis\u00e9 les \u00e9quipes pendant dix nuits (la circulation \u00e9tait coup\u00e9e) pour y r\u00e9aliser de la soudure.<\/p>\n<p class=\" wall-content\">Aujourd\u2019hui, il ne reste plus qu\u2019\u00e0 terminer la peinture des nouvelles plaques m\u00e9talliques et \u00e0 d\u00e9monter les \u00e9chafaudages. \u00ab\u2009On a fait en sorte qu\u2019il soit aussi r\u00e9sistant qu\u2019il l\u2019a \u00e9t\u00e9\u2009\u00bb, rassure un responsable de chantier.<\/p>\n<p>Suivez l\u2019actualit\u00e9 de Rouen <a href=\"https:\/\/www.whatsapp.com\/channel\/0029VaKfnf99hXF2ddApFB1D\" target=\"_blank\" rel=\"noopener\">sur notre cha\u00eene WhatsApp<\/a> et <a href=\"https:\/\/www.tiktok.com\/@76actu.fr?lang=fr\" target=\"_blank\" rel=\"noopener\">sur notre compte TikTok<\/a><\/p>\n<p class=\" wall-content\">Personnalisez votre actualit\u00e9 en ajoutant vos villes et m\u00e9dias en favori avec <a href=\"https:\/\/moncompte.actu.fr\" title=\"D\u00e9couvez Mon Actu\" rel=\"nofollow noopener\" data-trk=\"{&quot;cta&quot;:{&quot;action&quot;:&quot;https:\\\/\\\/moncompte.actu.fr&quot;,&quot;category&quot;:&quot;mon compte&quot;,&quot;from&quot;:&quot;article footer&quot;,&quot;name&quot;:&quot;Mon actu&quot;,&quot;type&quot;:&quot;cta&quot;}}\" target=\"_blank\">Mon Actu<\/a>.<\/p>\n<p>                    <script async src=\"\/\/www.tiktok.com\/embed.js\"><\/script><\/p>\n","protected":false},"excerpt":{"rendered":"Par Yann Rivallan Publi\u00e9 le 21 oct. 2025 \u00e0 19h04 C\u2019\u00e9tait un 24\u00a0d\u00e9cembre. \u00c0 quelques heures du r\u00e9veillon&hellip;\n","protected":false},"author":2,"featured_media":480020,"comment_status":"","ping_status":"","sticky":false,"template":"","format":"standard","meta":{"footnotes":""},"categories":[9587],"tags":[119,1111,11,1777,674,1011,27,12,5161,20715,25,9590,104,2086],"class_list":{"0":"post-480019","1":"post","2":"type-post","3":"status-publish","4":"format-standard","5":"has-post-thumbnail","7":"category-rouen","8":"tag-accident","9":"tag-actu","10":"tag-actualites","11":"tag-eu","12":"tag-europe","13":"tag-fr","14":"tag-france","15":"tag-news","16":"tag-normandie","17":"tag-pont-guillaume-le-conquerant","18":"tag-republique-francaise","19":"tag-rouen","20":"tag-societe","21":"tag-travaux"},"share_on_mastodon":{"url":"https:\/\/pubeurope.com\/@fr\/115413394694823743","error":""},"_links":{"self":[{"href":"https:\/\/www.europesays.com\/fr\/wp-json\/wp\/v2\/posts\/480019","targetHints":{"allow":["GET"]}}],"collection":[{"href":"https:\/\/www.europesays.com\/fr\/wp-json\/wp\/v2\/posts"}],"about":[{"href":"https:\/\/www.europesays.com\/fr\/wp-json\/wp\/v2\/types\/post"}],"author":[{"embeddable":true,"href":"https:\/\/www.europesays.com\/fr\/wp-json\/wp\/v2\/users\/2"}],"replies":[{"embeddable":true,"href":"https:\/\/www.europesays.com\/fr\/wp-json\/wp\/v2\/comments?post=480019"}],"version-history":[{"count":0,"href":"https:\/\/www.europesays.com\/fr\/wp-json\/wp\/v2\/posts\/480019\/revisions"}],"wp:featuredmedia":[{"embeddable":true,"href":"https:\/\/www.europesays.com\/fr\/wp-json\/wp\/v2\/media\/480020"}],"wp:attachment":[{"href":"https:\/\/www.europesays.com\/fr\/wp-json\/wp\/v2\/media?parent=480019"}],"wp:term":[{"taxonomy":"category","embeddable":true,"href":"https:\/\/www.europesays.com\/fr\/wp-json\/wp\/v2\/categories?post=480019"},{"taxonomy":"post_tag","embeddable":true,"href":"https:\/\/www.europesays.com\/fr\/wp-json\/wp\/v2\/tags?post=480019"}],"curies":[{"name":"wp","href":"https:\/\/api.w.org\/{rel}","templated":true}]}}