{"id":480027,"date":"2025-10-21T17:46:22","date_gmt":"2025-10-21T17:46:22","guid":{"rendered":"https:\/\/www.europesays.com\/fr\/480027\/"},"modified":"2025-10-21T17:46:22","modified_gmt":"2025-10-21T17:46:22","slug":"a-rennes-il-ne-peut-pas-installer-sa-terrasse-a-cause-dun-chantier-ce-commercant-en-colere","status":"publish","type":"post","link":"https:\/\/www.europesays.com\/fr\/480027\/","title":{"rendered":"\u00c0 Rennes, il ne peut pas installer sa terrasse \u00e0 cause d&rsquo;un chantier : ce commer\u00e7ant en col\u00e8re"},"content":{"rendered":"<p>            Par<br \/>\n        <strong><br \/>\n            <a href=\"https:\/\/actu.fr\/auteur\/brian-legoff\" title=\"Consulter tous les articles de Brian Le Goff\" target=\"_blank\" rel=\"noopener\">Brian Le Goff<\/a><br \/>\n        <\/strong><\/p>\n<p>        Publi\u00e9 le<\/p>\n<p>            21 oct. 2025 \u00e0 18h32        <\/p>\n<p><strong>L\u2019image retient l\u2019attention<\/strong> des passants. Depuis t\u00f4t mardi 21 octobre 2025, une op\u00e9ration se d\u00e9roule au-dessus de l\u2019<a href=\"https:\/\/actu.fr\/bretagne\/rennes_35238\/la-question-pas-si-bete-que-represente-le-plafond-de-l-opera-de-rennes_60916825.html\" target=\"_blank\" rel=\"noopener\">Op\u00e9ra de Rennes<\/a>. Un <strong>camion-grue<\/strong> est d\u00e9ploy\u00e9 pour <strong>remplacer la chaudi\u00e8re<\/strong> du b\u00e2timent culturel en la transportant <strong>par le ciel<\/strong>. Au sol, sous les arcades, l<strong>\u2019ambiance est bien moins spectaculaire<\/strong>. L\u2019\u00e9quipe du bar Les Jardins d\u2019Avalon a eu la mauvaise surprise de voir l\u2019emprise de la terrasse, qu\u2019elle doit installer, occup\u00e9e par les v\u00e9hicules de chantier. Et c\u2019est <strong>loin d\u2019\u00eatre une premi\u00e8re pour l\u2019\u00e9quipe<\/strong>\u00a0qui partage sa col\u00e8re contre la Ville.<\/p>\n<p>\u00ab\u2009Encore une fois, on n\u2019a pas \u00e9t\u00e9 pr\u00e9venu\u2009\u00bb<br \/>\n    <img   decoding=\"async\" loading=\"lazy\" src=\"https:\/\/www.europesays.com\/fr\/wp-content\/uploads\/2025\/10\/opera-de-rennes-jardins-davalon-place-de-la-mairie-bar-colere-commercants-chantier-ville-2-960x640.j.jpeg\" alt=\"Avec les engins et le mat\u00e9riel du chantier, impossible d'installer tables et chaises, comme \u00e0 l'accoutum\u00e9e.\" width=\"960\" height=\"640\"\/><br \/>\n    Avec les engins et le mat\u00e9riel du chantier, impossible d\u2019installer tables et chaises, comme \u00e0 l\u2019accoutum\u00e9e. (\u00a9 Cl\u00e9mence Pays \/actu Rennes)<\/p>\n<p class=\" wall-content\">\u00ab\u2009On est arriv\u00e9 <strong>sur les coups de 8h15<\/strong> et les employ\u00e9s du chantier avaient<strong> d\u00e9j\u00e0 tout install\u00e9.<\/strong> Les techniciens nous ont dit que ce n\u2019\u00e9tait pas possible de bouger. On comprend qu\u2019il y ait des travaux. Mais, encore une fois, <strong>on n\u2019a pas \u00e9t\u00e9 pr\u00e9venu\u2009\u00bb,<\/strong> regrette l\u2019\u00e9quipe. Et cette derni\u00e8re d\u00e9plore une situation qui arrive r\u00e9guli\u00e8rement.<\/p>\n<blockquote class=\"ac-article-quote wall-content\">\n<p>C&rsquo;est une dizaine de fois par an que des v\u00e9hicules se stationnent l\u00e0 o\u00f9 nous devons installer nos tables et chaises. \u00c7a va du technicien EDF au service des jardins de la Ville. La plupart du temps, ils arrivent le matin avant nous et on perd de pr\u00e9cieuses heures de travail.<\/p>\n<p>    <strong>\u00c9quipe du bar Les Jardins d&rsquo;Avalon<\/strong>\n            <\/p><\/blockquote>\n<p class=\" wall-content\">Ce mardi, l\u2019op\u00e9ration de changement de la chaudi\u00e8re dure toute la journ\u00e9e.<\/p>\n<p>\u00ab\u2009Neuf heures d\u2019ouverture foutues\u2009\u00bb<\/p>\n<p class=\" wall-content\">La terrasse de <strong>80 places sur 54\u2009m<\/strong>\u00b2 ne sera donc pas mise en place ce jour et <strong>quatre employ\u00e9s pr\u00e9vus au planning<\/strong> ne vont pas \u00eatre utiles. \u00ab\u2009Si nous avions \u00e9t\u00e9 pr\u00e9venus, nous aurions pu d\u00e9caler les jours de repos, voire demander du ch\u00f4mage technique. L\u00e0, ce sont <strong>neuf heures d\u2019ouverture foutues<\/strong>.\u2009\u00bb<\/p>\n<p>Votre r\u00e9gion, votre actu !<\/p>\n<p>Recevez chaque jour les infos qui comptent pour vous.<\/p>\n<p>\t<a href=\"https:\/\/actu.fr\/newsletter\" class=\"ac-btn ac-btn--corner ac-btn--medium ac-btn--blue800\" target=\"_blank\" rel=\"noopener\">S&rsquo;incrire<\/a><\/p>\n<p class=\" wall-content\">L\u2019\u00e9quipe se dit <strong>\u00e9puis\u00e9e par ce fonctionnement<\/strong>. Elle a essay\u00e9 de prendre contact avec la responsable de l\u2019occupation du domaine public, mais \u00ab\u2009elle serait absente\u2009\u00bb.<\/p>\n<p>    <img   decoding=\"async\" loading=\"lazy\" src=\"https:\/\/www.europesays.com\/fr\/wp-content\/uploads\/2025\/10\/opera-de-rennes-jardins-davalon-place-de-la-mairie-bar-colere-commercants-chantier-ville-1-960x640.j.jpeg\" alt=\"C'est loin d'\u00eatre la premi\u00e8re fois que le bar subit une situation comme celle-ci.\" width=\"960\" height=\"640\"\/><br \/>\n    C\u2019est loin d\u2019\u00eatre la premi\u00e8re fois que le bar subit une situation comme celle-ci. (\u00a9 Cl\u00e9mence Pays \/ actu Rennes)Une r\u00e9duction du droit de terrasse \u00ab\u2009syst\u00e9matiquement refus\u00e9e\u2009\u00bb<\/p>\n<p class=\" wall-content\">\u00c0 d\u2019autres reprises, le commer\u00e7ant assure avoir demand\u00e9 une r\u00e9duction sur le droit de terrasse pay\u00e9\u2009: \u00ab\u2009C\u2019est syst\u00e9matiquement refus\u00e9 et<strong> on a toujours \u00e9t\u00e9 factur\u00e9.<\/strong> Et notre droit de terrasse est r\u00e9vocable ou peut-\u00eatre suspendu, comme le jour du 31\u00a0d\u00e9cembre par exemple, alors on n\u2019ose pas trop r\u00e2ler. Mais l\u00e0, c\u2019est un peu<strong> la fois de trop<\/strong>.\u2009\u00bb<\/p>\n<p class=\" wall-content\">Sollicit\u00e9e ce mardi pour r\u00e9pondre \u00e0 la col\u00e8re de ce commerce, la Ville s\u2019est engag\u00e9e \u00e0 r\u00e9pondre aux journalistes de la r\u00e9daction. Nous apporterons en cons\u00e9quence des pr\u00e9cisions \u00e0 cet article.<\/p>\n<p class=\" wall-content\">Personnalisez votre actualit\u00e9 en ajoutant vos villes et m\u00e9dias en favori avec <a href=\"https:\/\/moncompte.actu.fr\" title=\"D\u00e9couvez Mon Actu\" rel=\"nofollow noopener\" data-trk=\"{&quot;cta&quot;:{&quot;action&quot;:&quot;https:\\\/\\\/moncompte.actu.fr&quot;,&quot;category&quot;:&quot;mon compte&quot;,&quot;from&quot;:&quot;article footer&quot;,&quot;name&quot;:&quot;Mon actu&quot;,&quot;type&quot;:&quot;cta&quot;}}\" target=\"_blank\">Mon Actu<\/a>.<\/p>\n","protected":false},"excerpt":{"rendered":"Par Brian Le Goff Publi\u00e9 le 21 oct. 2025 \u00e0 18h32 L\u2019image retient l\u2019attention des passants. Depuis t\u00f4t&hellip;\n","protected":false},"author":2,"featured_media":480028,"comment_status":"","ping_status":"","sticky":false,"template":"","format":"standard","meta":{"footnotes":""},"categories":[2821],"tags":[1111,11,829,215,1777,674,1011,27,12,584,25,104,240,2086],"class_list":{"0":"post-480027","1":"post","2":"type-post","3":"status-publish","4":"format-standard","5":"has-post-thumbnail","7":"category-rennes","8":"tag-actu","9":"tag-actualites","10":"tag-bretagne","11":"tag-commerce","12":"tag-eu","13":"tag-europe","14":"tag-fr","15":"tag-france","16":"tag-news","17":"tag-rennes","18":"tag-republique-francaise","19":"tag-societe","20":"tag-temoignage","21":"tag-travaux"},"share_on_mastodon":{"url":"https:\/\/pubeurope.com\/@fr\/115413411502470273","error":""},"_links":{"self":[{"href":"https:\/\/www.europesays.com\/fr\/wp-json\/wp\/v2\/posts\/480027","targetHints":{"allow":["GET"]}}],"collection":[{"href":"https:\/\/www.europesays.com\/fr\/wp-json\/wp\/v2\/posts"}],"about":[{"href":"https:\/\/www.europesays.com\/fr\/wp-json\/wp\/v2\/types\/post"}],"author":[{"embeddable":true,"href":"https:\/\/www.europesays.com\/fr\/wp-json\/wp\/v2\/users\/2"}],"replies":[{"embeddable":true,"href":"https:\/\/www.europesays.com\/fr\/wp-json\/wp\/v2\/comments?post=480027"}],"version-history":[{"count":0,"href":"https:\/\/www.europesays.com\/fr\/wp-json\/wp\/v2\/posts\/480027\/revisions"}],"wp:featuredmedia":[{"embeddable":true,"href":"https:\/\/www.europesays.com\/fr\/wp-json\/wp\/v2\/media\/480028"}],"wp:attachment":[{"href":"https:\/\/www.europesays.com\/fr\/wp-json\/wp\/v2\/media?parent=480027"}],"wp:term":[{"taxonomy":"category","embeddable":true,"href":"https:\/\/www.europesays.com\/fr\/wp-json\/wp\/v2\/categories?post=480027"},{"taxonomy":"post_tag","embeddable":true,"href":"https:\/\/www.europesays.com\/fr\/wp-json\/wp\/v2\/tags?post=480027"}],"curies":[{"name":"wp","href":"https:\/\/api.w.org\/{rel}","templated":true}]}}