{"id":480029,"date":"2025-10-21T17:47:13","date_gmt":"2025-10-21T17:47:13","guid":{"rendered":"https:\/\/www.europesays.com\/fr\/480029\/"},"modified":"2025-10-21T17:47:13","modified_gmt":"2025-10-21T17:47:13","slug":"universite-de-strasbourg-enieme-report-du-proces-de-la-sociologue-et-militante-turque-pinar-selek","status":"publish","type":"post","link":"https:\/\/www.europesays.com\/fr\/480029\/","title":{"rendered":"Universit\u00e9 de Strasbourg. \u00c9ni\u00e8me report du proc\u00e8s de la sociologue et militante turque Pinar Selek"},"content":{"rendered":"<p>Une nouvelle fois, l\u2019intellectuelle Pinar Selek devait \u00eatre jug\u00e9e pour des accusations de terrorisme qui p\u00e8sent \u00e0 tort sur elle depuis 27 ans. Une nouvelle fois, la justice turque a d\u00e9cid\u00e9 ce mardi 21\u00a0octobre d\u2019un report.<\/p>\n<p>La prochaine audience \u2013 la sixi\u00e8me dans ce proc\u00e8s qui fait suite \u00e0 quatre pr\u00e9c\u00e9dents acquittements \u2013 a \u00e9t\u00e9 fix\u00e9e au 21\u00a0avril 2026. D\u2019ici l\u00e0, la sociologue, \u00e9crivaine et militante turque exil\u00e9e en France demeure vis\u00e9e par un mandat d\u2019arr\u00eat international et encourt toujours une peine de prison \u00e0 vie. Actuellement ma\u00eetresse de conf\u00e9rence \u00e0 l\u2019Universit\u00e9 de Nice, Pinar Selek a soutenu sa th\u00e8se \u00e0 l\u2019Universit\u00e9 de Strasbourg. Dans <a href=\"https:\/\/www.lalsace.fr\/education\/2025\/02\/07\/turquie-le-proces-de-pinar-selek-renvoye-une-fois-de-plus\" target=\"_blank\" rel=\"nofollow noopener\">ce harc\u00e8lement judiciaire<\/a> dont elle fait l\u2019objet pour son engagement en faveur des minorit\u00e9s, notamment les Kurdes, Pinar Selek peut compter sur de nombreux soutiens dans le monde entier et notamment au sein de son ancienne universit\u00e9.<\/p>\n<p>Le d\u00e9put\u00e9 de Strasbourg Emmanuel Fernandes (LFI) s\u2019est rendu ce mardi \u00e0 Istanbul, accompagn\u00e9 d\u2019une d\u00e9l\u00e9gation d\u2019\u00e9lus et militants, pour assister \u00e0 ce proc\u00e8s une nouvelle fois report\u00e9.\ufeff<\/p>\n","protected":false},"excerpt":{"rendered":"Une nouvelle fois, l\u2019intellectuelle Pinar Selek devait \u00eatre jug\u00e9e pour des accusations de terrorisme qui p\u00e8sent \u00e0 tort&hellip;\n","protected":false},"author":2,"featured_media":480030,"comment_status":"","ping_status":"","sticky":false,"template":"","format":"standard","meta":{"footnotes":""},"categories":[2820],"tags":[1111,11,2389,1057,4854,1777,674,107,1011,27,775,12,25,640],"class_list":{"0":"post-480029","1":"post","2":"type-post","3":"status-publish","4":"format-standard","5":"has-post-thumbnail","7":"category-strasbourg","8":"tag-actu","9":"tag-actualites","10":"tag-alsace","11":"tag-education","12":"tag-enseignement-superieur","13":"tag-eu","14":"tag-europe","15":"tag-fil-info","16":"tag-fr","17":"tag-france","18":"tag-grand-est","19":"tag-news","20":"tag-republique-francaise","21":"tag-strasbourg"},"share_on_mastodon":{"url":"https:\/\/pubeurope.com\/@fr\/115413414340053904","error":""},"_links":{"self":[{"href":"https:\/\/www.europesays.com\/fr\/wp-json\/wp\/v2\/posts\/480029","targetHints":{"allow":["GET"]}}],"collection":[{"href":"https:\/\/www.europesays.com\/fr\/wp-json\/wp\/v2\/posts"}],"about":[{"href":"https:\/\/www.europesays.com\/fr\/wp-json\/wp\/v2\/types\/post"}],"author":[{"embeddable":true,"href":"https:\/\/www.europesays.com\/fr\/wp-json\/wp\/v2\/users\/2"}],"replies":[{"embeddable":true,"href":"https:\/\/www.europesays.com\/fr\/wp-json\/wp\/v2\/comments?post=480029"}],"version-history":[{"count":0,"href":"https:\/\/www.europesays.com\/fr\/wp-json\/wp\/v2\/posts\/480029\/revisions"}],"wp:featuredmedia":[{"embeddable":true,"href":"https:\/\/www.europesays.com\/fr\/wp-json\/wp\/v2\/media\/480030"}],"wp:attachment":[{"href":"https:\/\/www.europesays.com\/fr\/wp-json\/wp\/v2\/media?parent=480029"}],"wp:term":[{"taxonomy":"category","embeddable":true,"href":"https:\/\/www.europesays.com\/fr\/wp-json\/wp\/v2\/categories?post=480029"},{"taxonomy":"post_tag","embeddable":true,"href":"https:\/\/www.europesays.com\/fr\/wp-json\/wp\/v2\/tags?post=480029"}],"curies":[{"name":"wp","href":"https:\/\/api.w.org\/{rel}","templated":true}]}}