{"id":480039,"date":"2025-10-21T17:52:17","date_gmt":"2025-10-21T17:52:17","guid":{"rendered":"https:\/\/www.europesays.com\/fr\/480039\/"},"modified":"2025-10-21T17:52:17","modified_gmt":"2025-10-21T17:52:17","slug":"un-vol-de-tableau-au-musee-darts-de-nantes","status":"publish","type":"post","link":"https:\/\/www.europesays.com\/fr\/480039\/","title":{"rendered":"Un vol de tableau au Mus\u00e9e d&rsquo;arts de Nantes ?"},"content":{"rendered":"\n<p>Au Mus\u00e9e d&rsquo;arts de Nantes, un doute sur une \u0153uvre vient d\u2019\u00eatre r\u00e9v\u00e9l\u00e9 : un tableau de Jean-Baptiste Carpeaux pr\u00e9sente des signes d\u2019arrachement et on a d\u00e9couvert une cheville abim\u00e9e sur le cadre. Il pourrait s\u2019agir d\u2019une simple maladresse de manipulation. Mais une enqu\u00eate est ouverte et une plainte pour tentative de vol a \u00e9t\u00e9 d\u00e9pos\u00e9e. Les enqu\u00eateurs vont visionner les cam\u00e9ras et interroger le personnel pour d\u00e9terminer si quelqu\u2019un a r\u00e9ellement tent\u00e9 de s\u2019emparer de l\u2019\u0153uvre.<\/p>\n<p>\u00a0<\/p>\n<p>Le contexte du spectaculaire vol au mus\u00e9e du Louvre dimanche a \u00e9galement ranim\u00e9 des souvenirs \u00e0 Nantes lorsque, dans la nuit du 13 au 14 avril 2018, des individus avaient r\u00e9ussi \u00e0 s&#8217;emparer de l&rsquo;\u00e9crin en or renfermant le c\u0153ur d&rsquo;Anne de Bretagne. Un tr\u00e9sor heureusement retrouv\u00e9 intact une semaine plus tard, enterr\u00e9 dans un bois \u00e0 Saint-Nazaire, et qui a depuis retrouv\u00e9 sa place au sein du mus\u00e9e Dobr\u00e9e avec, forc\u00e9ment, des mesures de protection plus pouss\u00e9es.<\/p>\n<p>\u00a0<\/p>\n<blockquote><p>\nUn verre blind\u00e9 unique\n<\/p><\/blockquote>\n<p>\u00a0<\/p>\n<p>Pour les habitu\u00e9s, pas besoin de s&rsquo;aventurer dans les \u00e9tages du nouveau Mus\u00e9e Dobr\u00e9e pour en admirer la pi\u00e8ce ma\u00eetresse, celle-ci est toujours install\u00e9e au rez-de-chauss\u00e9e de l&rsquo;institution, l\u00e0 o\u00f9 les malfaiteurs avaient pourtant r\u00e9ussi \u00e0 s&rsquo;introduire pour s&rsquo;en emparer. Forc\u00e9ment, les exigences de s\u00e9curit\u00e9s ont \u00e9t\u00e9 revues \u00e0 la hausse avec un cahier des charges plus strict et, surtout, class\u00e9 confidentiel, puisque toutes celles et ceux qui ont particip\u00e9 \u00e0 son \u00e9laboration sont soumis au secret&#8230;<\/p>\n<p>Toutefois, on sait que le pr\u00e9sentoir dans lequel le reliquaire semble aujourd&rsquo;hui flotter en l\u00e9vitation a \u00e9t\u00e9 con\u00e7u dans un verre blind\u00e9 unique, de plusieurs centim\u00e8tres d&rsquo;\u00e9paisseurs. Par ailleurs, son positionnement au centre de la pi\u00e8ce n&rsquo;est pas qu&rsquo;esth\u00e9tique : cela permet aussi de l&rsquo;\u00e9loigner des issues, lesquelles sont en plus \u00e9quip\u00e9es d&rsquo;un syst\u00e8me de d\u00e9tection de mouvement et de vibration permettant d&rsquo;alerter d\u00e8s la premi\u00e8re tentative de for\u00e7age. Des cam\u00e9ras compl\u00e8tent bien s\u00fbr l&rsquo;ensemble du dispositif dont certaines braqu\u00e9es exclusivement sur le joyau, que des assureurs avaient estim\u00e9 \u00e0 10 M\u20ac lors d&rsquo;un pr\u00eat. Celui-ci renferme-t-il \u00e0 pr\u00e9sent un traceur GPS ? Impossible de le savoir, le secret est bien gard\u00e9&#8230;<\/p>\n","protected":false},"excerpt":{"rendered":"Au Mus\u00e9e d&rsquo;arts de Nantes, un doute sur une \u0153uvre vient d\u2019\u00eatre r\u00e9v\u00e9l\u00e9 : un tableau de Jean-Baptiste&hellip;\n","protected":false},"author":2,"featured_media":480040,"comment_status":"","ping_status":"","sticky":false,"template":"","format":"standard","meta":{"footnotes":""},"categories":[2818],"tags":[1111,11,13292,1438,1465,13293,3450,829,4356,2171,4357,3472,434,1777,674,9593,3337,3321,2257,1011,27,9518,848,1114,13289,2693,66,3047,1781,13291,13290,3729,766,12,9144,2636,3319,584,25,4937,3728,3272,60,3087,3165,2546],"class_list":{"0":"post-480039","1":"post","2":"type-post","3":"status-publish","4":"format-standard","5":"has-post-thumbnail","7":"category-nantes","8":"tag-actu","9":"tag-actualites","10":"tag-aeroport-notre-dame-des-landes","11":"tag-angers","12":"tag-basket","13":"tag-bonnets-rouges","14":"tag-brest","15":"tag-bretagne","16":"tag-coronavirus","17":"tag-cotes-darmor","18":"tag-covid-19","19":"tag-dinan","20":"tag-epidemie","21":"tag-eu","22":"tag-europe","23":"tag-fcn","24":"tag-festivals","25":"tag-finistere","26":"tag-foot","27":"tag-fr","28":"tag-france","29":"tag-hand","30":"tag-ille-et-vilaine","31":"tag-infos","32":"tag-la-roche-sur-yon","33":"tag-laval","34":"tag-ligue-1","35":"tag-loire-atlantique","36":"tag-lorient","37":"tag-maine-et-loire","38":"tag-mayenne","39":"tag-morbihan","40":"tag-nantes","41":"tag-news","42":"tag-ouest","43":"tag-pays-de-la-loire","44":"tag-quimper","45":"tag-rennes","46":"tag-republique-francaise","47":"tag-saint-brieuc","48":"tag-saint-malo","49":"tag-saint-nazaire","50":"tag-sports","51":"tag-stade-rennais","52":"tag-vannes","53":"tag-vendee"},"share_on_mastodon":{"url":"","error":"Validation failed: Text character limit of 500 exceeded"},"_links":{"self":[{"href":"https:\/\/www.europesays.com\/fr\/wp-json\/wp\/v2\/posts\/480039","targetHints":{"allow":["GET"]}}],"collection":[{"href":"https:\/\/www.europesays.com\/fr\/wp-json\/wp\/v2\/posts"}],"about":[{"href":"https:\/\/www.europesays.com\/fr\/wp-json\/wp\/v2\/types\/post"}],"author":[{"embeddable":true,"href":"https:\/\/www.europesays.com\/fr\/wp-json\/wp\/v2\/users\/2"}],"replies":[{"embeddable":true,"href":"https:\/\/www.europesays.com\/fr\/wp-json\/wp\/v2\/comments?post=480039"}],"version-history":[{"count":0,"href":"https:\/\/www.europesays.com\/fr\/wp-json\/wp\/v2\/posts\/480039\/revisions"}],"wp:featuredmedia":[{"embeddable":true,"href":"https:\/\/www.europesays.com\/fr\/wp-json\/wp\/v2\/media\/480040"}],"wp:attachment":[{"href":"https:\/\/www.europesays.com\/fr\/wp-json\/wp\/v2\/media?parent=480039"}],"wp:term":[{"taxonomy":"category","embeddable":true,"href":"https:\/\/www.europesays.com\/fr\/wp-json\/wp\/v2\/categories?post=480039"},{"taxonomy":"post_tag","embeddable":true,"href":"https:\/\/www.europesays.com\/fr\/wp-json\/wp\/v2\/tags?post=480039"}],"curies":[{"name":"wp","href":"https:\/\/api.w.org\/{rel}","templated":true}]}}