{"id":480058,"date":"2025-10-21T18:02:20","date_gmt":"2025-10-21T18:02:20","guid":{"rendered":"https:\/\/www.europesays.com\/fr\/480058\/"},"modified":"2025-10-21T18:02:20","modified_gmt":"2025-10-21T18:02:20","slug":"rhone-lapres-veut-faire-du-funeraire-un-enjeu-politique-pour-2026","status":"publish","type":"post","link":"https:\/\/www.europesays.com\/fr\/480058\/","title":{"rendered":"Rh\u00f4ne : \u201cl\u2019Apr\u00e8s\u201d veut faire du fun\u00e9raire un enjeu politique pour 2026"},"content":{"rendered":"<p>                            <img loading=\"lazy\" width=\"1194\" height=\"748\" class=\"attachment-article size-article wp-post-image lazyload\" alt=\"Cimeti\u00e8re de la Guilloti\u00e8re \u00e0 Lyon\" decoding=\"async\" src=\"https:\/\/www.europesays.com\/fr\/wp-content\/uploads\/2025\/10\/Unknown-11-e1747401435568.jpeg\" data-eio-rwidth=\"1194\" data-eio-rheight=\"748\"\/><\/p>\n<p>Le cimeti\u00e8re de la Guilloti\u00e8re sera d\u00e9natur\u00e9 d\u2019ici 2026. (@NB)<\/p>\n<p class=\"content\" style=\"font-size:1.2em;font-weight:700\">Apr\u00e8s la sortie de l\u2019enqu\u00eate\u00a0Les Charognards, le mouvement \u201cL\u2019Apr\u00e8s\u201d alerte sur les d\u00e9rives du secteur fun\u00e9raire. Le groupe lyonnais souhaite faire de ce sujet sensible un v\u00e9ritable d\u00e9bat public en vue des prochaines municipales.<\/p>\n<p>La section rh\u00f4ne de l&rsquo;Apr\u00e8s interpelle sur le fun\u00e9raire. Par l&rsquo;interm\u00e9diaire d&rsquo;un communiqu\u00e9 publi\u00e9 ce 21 octobre, le groupe politique incarn\u00e9 par Laurent Bosetti \u00e0 Lyon, adjoint en charge du sujet au sein de la municipalit\u00e9, souhaite en faire un sujet de campagne pour les \u00e9lections municipales. Une d\u00e9claration qui intervient apr\u00e8s la sortie de l&rsquo;enqu\u00eate \u00ab\u00a0Les Charognards\u00a0\u00bb. Dans leur ouvrage, Mathieu Sliss et Brianne Huguerre-Cousin d\u00e9taillent les abus des deux grands groupes du secteur, OGF et FUNECAP.<\/p>\n<p>Les pratiques commerciales de ces groupes sont notamment vis\u00e9es, alors que plusieurs rapports dont celui de la cour des comptes (2019) en faisaient office. L&rsquo;Apr\u00e8s pointe ainsi la vuln\u00e9rabilit\u00e9 des familles face aux actions abusives des groupes. C&rsquo;est par exemple le manque de transparence sur les prestations, le reste \u00e0 charge non-pr\u00e9vu ou encore la posture commerciale agressive qui est reproch\u00e9e.<\/p>\n<p>Un enjeu pour 2026, l&rsquo;Apr\u00e8s propose 3 mesures<\/p>\n<p>Autre aspect de divergence, la \u00ab\u00a0financiarisation du march\u00e9 de la mort\u00a0\u00bb. Le groupe politique d\u00e9nonce cet \u00e9cueil qui serait la cons\u00e9quences de la lib\u00e9ralisation des pompes fun\u00e8bres en 1993. Les prix se sont envol\u00e9s et le fun\u00e9raire serait devenu \u00ab\u00a0un secteur d\u2019activit\u00e9 rentable pour des actionnaires\u00a0\u00bb entra\u00eenant ainsi ces pratiques abusives.<\/p>\n<p>Suite \u00e0 cette situation, l&rsquo;Apr\u00e8s s&rsquo;alarme du sort des familles face aux groupes priv\u00e9s, d\u00e9montrant l&rsquo;importance de l&rsquo;inclure dans le d\u00e9bat : \u00ab\u00a0Il est primordial que le politique s\u2019empare du fun\u00e9raire comme d\u2019une politique publique \u00e0 part enti\u00e8re\u00a0\u00bb argumente le groupe dans un communiqu\u00e9. L&rsquo;Apr\u00e8s appelle ainsi le service public des pompes fun\u00e8bres \u00e0 proposer une offre digne et accessible \u00e0 ses clients. Le communiqu\u00e9 rappelle \u00e9galement l&rsquo;engagement des collectivit\u00e9s de la m\u00e9tropole lyonnaise dans \u00ab\u00a0le service fun\u00e9raire\u00a0\u00bb, une soci\u00e9t\u00e9 publique locale. Le groupe politique r\u00e9clame aussi une r\u00e9action \u00e0 l&rsquo;\u00e9chelle nationale, proposant l&rsquo;\u00e9laboration d&rsquo;une \u00ab\u00a0s\u00e9curit\u00e9 sociale de la mort\u00a0\u00bb de sorte \u00e0 \u00ab\u00a0r\u00e9guler les tarifs\u00a0\u00bb.<\/p>\n<p class=\"has-text-align-center has-cyan-bluish-gray-background-color has-background\"><strong>Les trois mesures propos\u00e9es par \u00ab\u00a0l&rsquo;Apr\u00e8s\u00a0\u00bb, pour les \u00e9lections municipales et m\u00e9tropolitaines de 2026 :      <\/strong> <br \/>&#8211; Le soutien de chaque commune du Rh\u00f4ne \u00e0 un op\u00e9rateur public et\/ou coop\u00e9ratif de pompes fun\u00e8bres<br \/>&#8211; La gestion, par un op\u00e9rateur public de pompes fun\u00e8bres, du cr\u00e9matorium de Bron (actuellement par la M\u00e9tropole \u00e0 un op\u00e9rateur priv\u00e9 lucratif,<br \/>contrairement au Cr\u00e9matorium de la Guilloti\u00e8re de la Ville de Lyon)<br \/>&#8211; L\u2019adh\u00e9sion, pour chaque commune du Rh\u00f4ne et pour la M\u00e9tropole de Lyon, \u00e0 l\u2019Union nationale p\u00f4les fun\u00e9raires publics (UPFP) afin de favoriser l\u2019entraide et l\u2019implication des collectivit\u00e9s dans le champ du fun\u00e9raire.<\/p>\n","protected":false},"excerpt":{"rendered":"Le cimeti\u00e8re de la Guilloti\u00e8re sera d\u00e9natur\u00e9 d\u2019ici 2026. (@NB) Apr\u00e8s la sortie de l\u2019enqu\u00eate\u00a0Les Charognards, le mouvement&hellip;\n","protected":false},"author":2,"featured_media":480059,"comment_status":"","ping_status":"","sticky":false,"template":"","format":"standard","meta":{"footnotes":""},"categories":[1889],"tags":[1111,11,2430,1777,674,1011,27,23031,60331,60332,2428,12,25,2429],"class_list":{"0":"post-480058","1":"post","2":"type-post","3":"status-publish","4":"format-standard","5":"has-post-thumbnail","7":"category-lyon","8":"tag-actu","9":"tag-actualites","10":"tag-auvergne-rhone-alpes","11":"tag-eu","12":"tag-europe","13":"tag-fr","14":"tag-france","15":"tag-funeraire","16":"tag-lapres","17":"tag-les-charognards","18":"tag-lyon","19":"tag-news","20":"tag-republique-francaise","21":"tag-rhone"},"share_on_mastodon":{"url":"https:\/\/pubeurope.com\/@fr\/115413473865509054","error":""},"_links":{"self":[{"href":"https:\/\/www.europesays.com\/fr\/wp-json\/wp\/v2\/posts\/480058","targetHints":{"allow":["GET"]}}],"collection":[{"href":"https:\/\/www.europesays.com\/fr\/wp-json\/wp\/v2\/posts"}],"about":[{"href":"https:\/\/www.europesays.com\/fr\/wp-json\/wp\/v2\/types\/post"}],"author":[{"embeddable":true,"href":"https:\/\/www.europesays.com\/fr\/wp-json\/wp\/v2\/users\/2"}],"replies":[{"embeddable":true,"href":"https:\/\/www.europesays.com\/fr\/wp-json\/wp\/v2\/comments?post=480058"}],"version-history":[{"count":0,"href":"https:\/\/www.europesays.com\/fr\/wp-json\/wp\/v2\/posts\/480058\/revisions"}],"wp:featuredmedia":[{"embeddable":true,"href":"https:\/\/www.europesays.com\/fr\/wp-json\/wp\/v2\/media\/480059"}],"wp:attachment":[{"href":"https:\/\/www.europesays.com\/fr\/wp-json\/wp\/v2\/media?parent=480058"}],"wp:term":[{"taxonomy":"category","embeddable":true,"href":"https:\/\/www.europesays.com\/fr\/wp-json\/wp\/v2\/categories?post=480058"},{"taxonomy":"post_tag","embeddable":true,"href":"https:\/\/www.europesays.com\/fr\/wp-json\/wp\/v2\/tags?post=480058"}],"curies":[{"name":"wp","href":"https:\/\/api.w.org\/{rel}","templated":true}]}}